{"id":922,"date":"2017-02-06T11:52:38","date_gmt":"2017-02-06T10:52:38","guid":{"rendered":"https:\/\/cftc-dartyidf.fr\/?p=922"},"modified":"2017-02-06T11:56:44","modified_gmt":"2017-02-06T10:56:44","slug":"elections-20-fevrier","status":"publish","type":"post","link":"https:\/\/cftc-dartyidf.fr\/index.php\/2017\/02\/06\/elections-20-fevrier\/","title":{"rendered":"Les \u00e9lections du 20 f\u00e9vrier"},"content":{"rendered":"<p>Le 20 f\u00e9vrier 2017 des \u00e9lections concernant les services nationaux auront lieu au Si\u00e8ge, aux Mercuriales, \u00e0 Bercy, Wissous et Romainville.<!--more--><\/p>\n<p style=\"text-align: center;\"><a href=\"https:\/\/cftc-dartyidf.fr\/wp-content\/uploads\/2017\/02\/visuel-siege.pdf\" target=\"_blank\">D\u00e9couvrez notre \u00e9quipe<\/a><\/p>\n<p>Vous avez des questions ou des inqui\u00e9tudes n\u2019h\u00e9sitez pas a nous contacter !<\/p>\n","protected":false},"excerpt":{"rendered":"<p>Le 20 f\u00e9vrier 2017 des \u00e9lections concernant les services nationaux auront lieu au Si\u00e8ge, aux Mercuriales, \u00e0 Bercy, Wissous et Romainville.<\/p>\n","protected":false},"author":1,"featured_media":927,"comment_status":"closed","ping_status":"closed","sticky":false,"template":"","format":"standard","meta":{"generate_page_header":"","_price":"","_stock":"","_tribe_ticket_header":"","_tribe_default_ticket_provider":"","_tribe_ticket_capacity":"0","_ticket_start_date":"","_ticket_end_date":"","_tribe_ticket_show_description":"","_tribe_ticket_show_not_going":false,"_tribe_ticket_use_global_stock":"","_tribe_ticket_global_stock_level":"","_global_stock_mode":"","_global_stock_cap":"","_tribe_rsvp_for_event":"","_tribe_ticket_going_count":"","_tribe_ticket_not_going_count":"","_tribe_tickets_list":"[]","_tribe_ticket_has_attendee_info_fields":false,"jetpack_post_was_ever_published":false,"_jetpack_newsletter_access":"","_jetpack_dont_email_post_to_subs":false,"_jetpack_newsletter_tier_id":0,"_jetpack_memberships_contains_paywalled_content":false,"_jetpack_memberships_contains_paid_content":false,"footnotes":"","jetpack_publicize_message":"","jetpack_publicize_feature_enabled":true,"jetpack_social_post_already_shared":false,"jetpack_social_options":{"image_generator_settings":{"template":"highway","default_image_id":0,"font":"","enabled":false},"version":2}},"categories":[4],"tags":[],"class_list":["post-922","post","type-post","status-publish","format-standard","has-post-thumbnail","hentry","category-actualite","generate-columns","tablet-grid-50","mobile-grid-100","grid-parent","grid-50","resize-featured-image"],"yoast_head":"<!-- This site is optimized with the Yoast SEO plugin v27.5 - https:\/\/yoast.com\/product\/yoast-seo-wordpress\/ -->\n<title>Les \u00e9lections du 20 f\u00e9vrier - CFTC-Darty IDF<\/title>\n<meta name=\"robots\" content=\"index, follow, max-snippet:-1, max-image-preview:large, max-video-preview:-1\" \/>\n<link rel=\"canonical\" href=\"https:\/\/cftc-dartyidf.fr\/index.php\/2017\/02\/06\/elections-20-fevrier\/\" \/>\n<meta property=\"og:locale\" content=\"fr_FR\" \/>\n<meta property=\"og:type\" content=\"article\" \/>\n<meta property=\"og:title\" content=\"Les \u00e9lections du 20 f\u00e9vrier - CFTC-Darty IDF\" \/>\n<meta property=\"og:description\" content=\"Le 20 f\u00e9vrier 2017 des \u00e9lections concernant les services nationaux auront lieu au Si\u00e8ge, aux Mercuriales, \u00e0 Bercy, Wissous et Romainville.\" \/>\n<meta property=\"og:url\" content=\"https:\/\/cftc-dartyidf.fr\/index.php\/2017\/02\/06\/elections-20-fevrier\/\" \/>\n<meta property=\"og:site_name\" content=\"CFTC-Darty IDF\" \/>\n<meta property=\"article:published_time\" content=\"2017-02-06T10:52:38+00:00\" \/>\n<meta property=\"article:modified_time\" content=\"2017-02-06T10:56:44+00:00\" \/>\n<meta property=\"og:image\" content=\"https:\/\/cftc-dartyidf.fr\/wp-content\/uploads\/2017\/02\/urne_vote.png\" \/>\n\t<meta property=\"og:image:width\" content=\"371\" \/>\n\t<meta property=\"og:image:height\" content=\"269\" \/>\n\t<meta property=\"og:image:type\" content=\"image\/png\" \/>\n<meta name=\"author\" content=\"webcsfv\" \/>\n<meta name=\"twitter:card\" content=\"summary_large_image\" \/>\n<meta name=\"twitter:label1\" content=\"\u00c9crit par\" \/>\n\t<meta name=\"twitter:data1\" content=\"webcsfv\" \/>\n<script type=\"application\/ld+json\" class=\"yoast-schema-graph\">{\"@context\":\"https:\\\/\\\/schema.org\",\"@graph\":[{\"@type\":\"Article\",\"@id\":\"https:\\\/\\\/cftc-dartyidf.fr\\\/index.php\\\/2017\\\/02\\\/06\\\/elections-20-fevrier\\\/#article\",\"isPartOf\":{\"@id\":\"https:\\\/\\\/cftc-dartyidf.fr\\\/index.php\\\/2017\\\/02\\\/06\\\/elections-20-fevrier\\\/\"},\"author\":{\"name\":\"webcsfv\",\"@id\":\"https:\\\/\\\/cftc-dartyidf.fr\\\/#\\\/schema\\\/person\\\/71ee82537a022b7e374bcb7943ef2cd2\"},\"headline\":\"Les \u00e9lections du 20 f\u00e9vrier\",\"datePublished\":\"2017-02-06T10:52:38+00:00\",\"dateModified\":\"2017-02-06T10:56:44+00:00\",\"mainEntityOfPage\":{\"@id\":\"https:\\\/\\\/cftc-dartyidf.fr\\\/index.php\\\/2017\\\/02\\\/06\\\/elections-20-fevrier\\\/\"},\"wordCount\":44,\"image\":{\"@id\":\"https:\\\/\\\/cftc-dartyidf.fr\\\/index.php\\\/2017\\\/02\\\/06\\\/elections-20-fevrier\\\/#primaryimage\"},\"thumbnailUrl\":\"https:\\\/\\\/cftc-dartyidf.fr\\\/wp-content\\\/uploads\\\/2017\\\/02\\\/urne_vote.png\",\"articleSection\":[\"Revue de presse\"],\"inLanguage\":\"fr-FR\"},{\"@type\":\"WebPage\",\"@id\":\"https:\\\/\\\/cftc-dartyidf.fr\\\/index.php\\\/2017\\\/02\\\/06\\\/elections-20-fevrier\\\/\",\"url\":\"https:\\\/\\\/cftc-dartyidf.fr\\\/index.php\\\/2017\\\/02\\\/06\\\/elections-20-fevrier\\\/\",\"name\":\"Les \u00e9lections du 20 f\u00e9vrier - CFTC-Darty IDF\",\"isPartOf\":{\"@id\":\"https:\\\/\\\/cftc-dartyidf.fr\\\/#website\"},\"primaryImageOfPage\":{\"@id\":\"https:\\\/\\\/cftc-dartyidf.fr\\\/index.php\\\/2017\\\/02\\\/06\\\/elections-20-fevrier\\\/#primaryimage\"},\"image\":{\"@id\":\"https:\\\/\\\/cftc-dartyidf.fr\\\/index.php\\\/2017\\\/02\\\/06\\\/elections-20-fevrier\\\/#primaryimage\"},\"thumbnailUrl\":\"https:\\\/\\\/cftc-dartyidf.fr\\\/wp-content\\\/uploads\\\/2017\\\/02\\\/urne_vote.png\",\"datePublished\":\"2017-02-06T10:52:38+00:00\",\"dateModified\":\"2017-02-06T10:56:44+00:00\",\"author\":{\"@id\":\"https:\\\/\\\/cftc-dartyidf.fr\\\/#\\\/schema\\\/person\\\/71ee82537a022b7e374bcb7943ef2cd2\"},\"breadcrumb\":{\"@id\":\"https:\\\/\\\/cftc-dartyidf.fr\\\/index.php\\\/2017\\\/02\\\/06\\\/elections-20-fevrier\\\/#breadcrumb\"},\"inLanguage\":\"fr-FR\",\"potentialAction\":[{\"@type\":\"ReadAction\",\"target\":[\"https:\\\/\\\/cftc-dartyidf.fr\\\/index.php\\\/2017\\\/02\\\/06\\\/elections-20-fevrier\\\/\"]}]},{\"@type\":\"ImageObject\",\"inLanguage\":\"fr-FR\",\"@id\":\"https:\\\/\\\/cftc-dartyidf.fr\\\/index.php\\\/2017\\\/02\\\/06\\\/elections-20-fevrier\\\/#primaryimage\",\"url\":\"https:\\\/\\\/cftc-dartyidf.fr\\\/wp-content\\\/uploads\\\/2017\\\/02\\\/urne_vote.png\",\"contentUrl\":\"https:\\\/\\\/cftc-dartyidf.fr\\\/wp-content\\\/uploads\\\/2017\\\/02\\\/urne_vote.png\",\"width\":371,\"height\":269},{\"@type\":\"BreadcrumbList\",\"@id\":\"https:\\\/\\\/cftc-dartyidf.fr\\\/index.php\\\/2017\\\/02\\\/06\\\/elections-20-fevrier\\\/#breadcrumb\",\"itemListElement\":[{\"@type\":\"ListItem\",\"position\":1,\"name\":\"Accueil\",\"item\":\"https:\\\/\\\/cftc-dartyidf.fr\\\/\"},{\"@type\":\"ListItem\",\"position\":2,\"name\":\"Les \u00e9lections du 20 f\u00e9vrier\"}]},{\"@type\":\"WebSite\",\"@id\":\"https:\\\/\\\/cftc-dartyidf.fr\\\/#website\",\"url\":\"https:\\\/\\\/cftc-dartyidf.fr\\\/\",\"name\":\"CFTC-Darty IDF\",\"description\":\"Le site de la section syndicale CFTC chez Darty IDF\",\"potentialAction\":[{\"@type\":\"SearchAction\",\"target\":{\"@type\":\"EntryPoint\",\"urlTemplate\":\"https:\\\/\\\/cftc-dartyidf.fr\\\/?s={search_term_string}\"},\"query-input\":{\"@type\":\"PropertyValueSpecification\",\"valueRequired\":true,\"valueName\":\"search_term_string\"}}],\"inLanguage\":\"fr-FR\"},{\"@type\":\"Person\",\"@id\":\"https:\\\/\\\/cftc-dartyidf.fr\\\/#\\\/schema\\\/person\\\/71ee82537a022b7e374bcb7943ef2cd2\",\"name\":\"webcsfv\",\"image\":{\"@type\":\"ImageObject\",\"inLanguage\":\"fr-FR\",\"@id\":\"https:\\\/\\\/secure.gravatar.com\\\/avatar\\\/3d8bf08c8feaca537ce41c2b95cec6c85a8036a1687877b5eb7cb09dcb9b6f06?s=96&d=mm&r=g\",\"url\":\"https:\\\/\\\/secure.gravatar.com\\\/avatar\\\/3d8bf08c8feaca537ce41c2b95cec6c85a8036a1687877b5eb7cb09dcb9b6f06?s=96&d=mm&r=g\",\"contentUrl\":\"https:\\\/\\\/secure.gravatar.com\\\/avatar\\\/3d8bf08c8feaca537ce41c2b95cec6c85a8036a1687877b5eb7cb09dcb9b6f06?s=96&d=mm&r=g\",\"caption\":\"webcsfv\"},\"url\":\"https:\\\/\\\/cftc-dartyidf.fr\\\/index.php\\\/author\\\/webcsfv\\\/\"}]}<\/script>\n<!-- \/ Yoast SEO plugin. -->","yoast_head_json":{"title":"Les \u00e9lections du 20 f\u00e9vrier - CFTC-Darty IDF","robots":{"index":"index","follow":"follow","max-snippet":"max-snippet:-1","max-image-preview":"max-image-preview:large","max-video-preview":"max-video-preview:-1"},"canonical":"https:\/\/cftc-dartyidf.fr\/index.php\/2017\/02\/06\/elections-20-fevrier\/","og_locale":"fr_FR","og_type":"article","og_title":"Les \u00e9lections du 20 f\u00e9vrier - CFTC-Darty IDF","og_description":"Le 20 f\u00e9vrier 2017 des \u00e9lections concernant les services nationaux auront lieu au Si\u00e8ge, aux Mercuriales, \u00e0 Bercy, Wissous et Romainville.","og_url":"https:\/\/cftc-dartyidf.fr\/index.php\/2017\/02\/06\/elections-20-fevrier\/","og_site_name":"CFTC-Darty IDF","article_published_time":"2017-02-06T10:52:38+00:00","article_modified_time":"2017-02-06T10:56:44+00:00","og_image":[{"width":371,"height":269,"url":"https:\/\/cftc-dartyidf.fr\/wp-content\/uploads\/2017\/02\/urne_vote.png","type":"image\/png"}],"author":"webcsfv","twitter_card":"summary_large_image","twitter_misc":{"\u00c9crit par":"webcsfv"},"schema":{"@context":"https:\/\/schema.org","@graph":[{"@type":"Article","@id":"https:\/\/cftc-dartyidf.fr\/index.php\/2017\/02\/06\/elections-20-fevrier\/#article","isPartOf":{"@id":"https:\/\/cftc-dartyidf.fr\/index.php\/2017\/02\/06\/elections-20-fevrier\/"},"author":{"name":"webcsfv","@id":"https:\/\/cftc-dartyidf.fr\/#\/schema\/person\/71ee82537a022b7e374bcb7943ef2cd2"},"headline":"Les \u00e9lections du 20 f\u00e9vrier","datePublished":"2017-02-06T10:52:38+00:00","dateModified":"2017-02-06T10:56:44+00:00","mainEntityOfPage":{"@id":"https:\/\/cftc-dartyidf.fr\/index.php\/2017\/02\/06\/elections-20-fevrier\/"},"wordCount":44,"image":{"@id":"https:\/\/cftc-dartyidf.fr\/index.php\/2017\/02\/06\/elections-20-fevrier\/#primaryimage"},"thumbnailUrl":"https:\/\/cftc-dartyidf.fr\/wp-content\/uploads\/2017\/02\/urne_vote.png","articleSection":["Revue de presse"],"inLanguage":"fr-FR"},{"@type":"WebPage","@id":"https:\/\/cftc-dartyidf.fr\/index.php\/2017\/02\/06\/elections-20-fevrier\/","url":"https:\/\/cftc-dartyidf.fr\/index.php\/2017\/02\/06\/elections-20-fevrier\/","name":"Les \u00e9lections du 20 f\u00e9vrier - CFTC-Darty IDF","isPartOf":{"@id":"https:\/\/cftc-dartyidf.fr\/#website"},"primaryImageOfPage":{"@id":"https:\/\/cftc-dartyidf.fr\/index.php\/2017\/02\/06\/elections-20-fevrier\/#primaryimage"},"image":{"@id":"https:\/\/cftc-dartyidf.fr\/index.php\/2017\/02\/06\/elections-20-fevrier\/#primaryimage"},"thumbnailUrl":"https:\/\/cftc-dartyidf.fr\/wp-content\/uploads\/2017\/02\/urne_vote.png","datePublished":"2017-02-06T10:52:38+00:00","dateModified":"2017-02-06T10:56:44+00:00","author":{"@id":"https:\/\/cftc-dartyidf.fr\/#\/schema\/person\/71ee82537a022b7e374bcb7943ef2cd2"},"breadcrumb":{"@id":"https:\/\/cftc-dartyidf.fr\/index.php\/2017\/02\/06\/elections-20-fevrier\/#breadcrumb"},"inLanguage":"fr-FR","potentialAction":[{"@type":"ReadAction","target":["https:\/\/cftc-dartyidf.fr\/index.php\/2017\/02\/06\/elections-20-fevrier\/"]}]},{"@type":"ImageObject","inLanguage":"fr-FR","@id":"https:\/\/cftc-dartyidf.fr\/index.php\/2017\/02\/06\/elections-20-fevrier\/#primaryimage","url":"https:\/\/cftc-dartyidf.fr\/wp-content\/uploads\/2017\/02\/urne_vote.png","contentUrl":"https:\/\/cftc-dartyidf.fr\/wp-content\/uploads\/2017\/02\/urne_vote.png","width":371,"height":269},{"@type":"BreadcrumbList","@id":"https:\/\/cftc-dartyidf.fr\/index.php\/2017\/02\/06\/elections-20-fevrier\/#breadcrumb","itemListElement":[{"@type":"ListItem","position":1,"name":"Accueil","item":"https:\/\/cftc-dartyidf.fr\/"},{"@type":"ListItem","position":2,"name":"Les \u00e9lections du 20 f\u00e9vrier"}]},{"@type":"WebSite","@id":"https:\/\/cftc-dartyidf.fr\/#website","url":"https:\/\/cftc-dartyidf.fr\/","name":"CFTC-Darty IDF","description":"Le site de la section syndicale CFTC chez Darty IDF","potentialAction":[{"@type":"SearchAction","target":{"@type":"EntryPoint","urlTemplate":"https:\/\/cftc-dartyidf.fr\/?s={search_term_string}"},"query-input":{"@type":"PropertyValueSpecification","valueRequired":true,"valueName":"search_term_string"}}],"inLanguage":"fr-FR"},{"@type":"Person","@id":"https:\/\/cftc-dartyidf.fr\/#\/schema\/person\/71ee82537a022b7e374bcb7943ef2cd2","name":"webcsfv","image":{"@type":"ImageObject","inLanguage":"fr-FR","@id":"https:\/\/secure.gravatar.com\/avatar\/3d8bf08c8feaca537ce41c2b95cec6c85a8036a1687877b5eb7cb09dcb9b6f06?s=96&d=mm&r=g","url":"https:\/\/secure.gravatar.com\/avatar\/3d8bf08c8feaca537ce41c2b95cec6c85a8036a1687877b5eb7cb09dcb9b6f06?s=96&d=mm&r=g","contentUrl":"https:\/\/secure.gravatar.com\/avatar\/3d8bf08c8feaca537ce41c2b95cec6c85a8036a1687877b5eb7cb09dcb9b6f06?s=96&d=mm&r=g","caption":"webcsfv"},"url":"https:\/\/cftc-dartyidf.fr\/index.php\/author\/webcsfv\/"}]}},"jetpack_publicize_connections":[],"jetpack_featured_media_url":"https:\/\/cftc-dartyidf.fr\/wp-content\/uploads\/2017\/02\/urne_vote.png","jetpack_sharing_enabled":true,"jetpack_shortlink":"https:\/\/wp.me\/p8n98f-eS","jetpack-related-posts":[{"id":1030,"url":"https:\/\/cftc-dartyidf.fr\/index.php\/2017\/02\/10\/elections-20-24-fevrier-equipe\/","url_meta":{"origin":922,"position":0},"title":"\u00c9lections du 20 au 23 f\u00e9vrier : une \u00e9quipe pour tous","author":"webcsfv","date":"10\/02\/2017","format":false,"excerpt":"Dans la foul\u00e9e de la fusion Fnac-Darty, la CFTC Darty et la CFTC Fnac sont fiers de vous pr\u00e9senter la premi\u00e8re liste commune qui repr\u00e9sentera la CFTC lors des prochaines \u00e9lections au si\u00e8ge qui auront lieu du 20 au 23 f\u00e9vrier, jusqu'\u00e0 16h.","rel":"","context":"Dans &quot;Revue de presse&quot;","block_context":{"text":"Revue de presse","link":"https:\/\/cftc-dartyidf.fr\/index.php\/category\/actualite\/"},"img":{"alt_text":"","src":"https:\/\/i0.wp.com\/cftc-dartyidf.fr\/wp-content\/uploads\/2017\/02\/Liste-fnac-darty-1024x768.jpg?resize=350%2C200&ssl=1","width":350,"height":200,"srcset":"https:\/\/i0.wp.com\/cftc-dartyidf.fr\/wp-content\/uploads\/2017\/02\/Liste-fnac-darty-1024x768.jpg?resize=350%2C200&ssl=1 1x, https:\/\/i0.wp.com\/cftc-dartyidf.fr\/wp-content\/uploads\/2017\/02\/Liste-fnac-darty-1024x768.jpg?resize=525%2C300&ssl=1 1.5x, https:\/\/i0.wp.com\/cftc-dartyidf.fr\/wp-content\/uploads\/2017\/02\/Liste-fnac-darty-1024x768.jpg?resize=700%2C400&ssl=1 2x, https:\/\/i0.wp.com\/cftc-dartyidf.fr\/wp-content\/uploads\/2017\/02\/Liste-fnac-darty-1024x768.jpg?resize=1050%2C600&ssl=1 3x, https:\/\/i0.wp.com\/cftc-dartyidf.fr\/wp-content\/uploads\/2017\/02\/Liste-fnac-darty-1024x768.jpg?resize=1400%2C800&ssl=1 4x"},"classes":[]},{"id":1066,"url":"https:\/\/cftc-dartyidf.fr\/index.php\/2017\/02\/16\/elections-20-23-fevrier-profession-de-foi\/","url_meta":{"origin":922,"position":1},"title":"\u00c9lections du 20 au 23 f\u00e9vrier : notre profession de foi","author":"webcsfv","date":"16\/02\/2017","format":false,"excerpt":"Deux grandes enseignes r\u00e9unies pour construire notre avenir, une mixit\u00e9 salariale Fnac\/Darty et une parit\u00e9 : Homme-Femme.\u00a0La CFTC est le syndicat leader qui a n\u00e9goci\u00e9 et sign\u00e9. D\u00e9couvrez notre profession de foi et nos engagements pour l'avenir : Lire\/T\u00e9l\u00e9charger la profession de foi Voter pour une \u00e9quipe \u00e0 votre service\u2026","rel":"","context":"Dans &quot;Revue de presse&quot;","block_context":{"text":"Revue de presse","link":"https:\/\/cftc-dartyidf.fr\/index.php\/category\/actualite\/"},"img":{"alt_text":"","src":"https:\/\/i0.wp.com\/cftc-dartyidf.fr\/wp-content\/uploads\/2017\/02\/Tract_CFTC-ve-finale.jpg?resize=350%2C200&ssl=1","width":350,"height":200,"srcset":"https:\/\/i0.wp.com\/cftc-dartyidf.fr\/wp-content\/uploads\/2017\/02\/Tract_CFTC-ve-finale.jpg?resize=350%2C200&ssl=1 1x, https:\/\/i0.wp.com\/cftc-dartyidf.fr\/wp-content\/uploads\/2017\/02\/Tract_CFTC-ve-finale.jpg?resize=525%2C300&ssl=1 1.5x, https:\/\/i0.wp.com\/cftc-dartyidf.fr\/wp-content\/uploads\/2017\/02\/Tract_CFTC-ve-finale.jpg?resize=700%2C400&ssl=1 2x, https:\/\/i0.wp.com\/cftc-dartyidf.fr\/wp-content\/uploads\/2017\/02\/Tract_CFTC-ve-finale.jpg?resize=1050%2C600&ssl=1 3x, https:\/\/i0.wp.com\/cftc-dartyidf.fr\/wp-content\/uploads\/2017\/02\/Tract_CFTC-ve-finale.jpg?resize=1400%2C800&ssl=1 4x"},"classes":[]},{"id":1582,"url":"https:\/\/cftc-dartyidf.fr\/index.php\/2018\/05\/29\/la-disparition-du-cif-nest-pas-linitiative-des-partenaires-sociaux\/","url_meta":{"origin":922,"position":2},"title":"La disparition du CIF n\u2019est pas l\u2019initiative des partenaires sociaux","author":"webcsfv","date":"29\/05\/2018","format":false,"excerpt":"R\u00e9ponse aux propos de Murielle PENICAUD devant la commission des affaires sociales de l\u2019Assembl\u00e9e nationale du 23 MAI 2018 C\u2019est avec beaucoup d\u2019\u00e9tonnement que la CFTC a pris connaissance des propos de la Ministre du travail devant la commission des affaires sociales de l\u2019Assembl\u00e9e nationale concernant le projet de loi\u2026","rel":"","context":"Dans &quot;Accueil&quot;","block_context":{"text":"Accueil","link":"https:\/\/cftc-dartyidf.fr\/index.php\/category\/accueil\/"},"img":{"alt_text":"","src":"https:\/\/i0.wp.com\/cftc-dartyidf.fr\/wp-content\/uploads\/2018\/05\/cif.png?resize=350%2C200&ssl=1","width":350,"height":200,"srcset":"https:\/\/i0.wp.com\/cftc-dartyidf.fr\/wp-content\/uploads\/2018\/05\/cif.png?resize=350%2C200&ssl=1 1x, https:\/\/i0.wp.com\/cftc-dartyidf.fr\/wp-content\/uploads\/2018\/05\/cif.png?resize=525%2C300&ssl=1 1.5x"},"classes":[]},{"id":1599,"url":"https:\/\/cftc-dartyidf.fr\/index.php\/2018\/06\/14\/des-mesures-encourageantes-en-faveur-de-lemploi-des-personnes-handicapees\/","url_meta":{"origin":922,"position":3},"title":"Des mesures encourageantes en faveur de l\u2019emploi des personnes handicap\u00e9es","author":"webcsfv","date":"14\/06\/2018","format":false,"excerpt":"Alors que l\u2019emploi des travailleurs handicap\u00e9s se d\u00e9grade, une premi\u00e8re concertation (15 f\u00e9vrier-31 mai) a r\u00e9uni les acteurs concern\u00e9s avec l\u2019objectif de r\u00e9former leur obligation d\u2019emploi. A l\u2019issue de cette premi\u00e8re phase, un rapport a \u00e9t\u00e9 rendu le 5 juin 2018 en pr\u00e9sence de Muriel P\u00e9nicaud, ministre du Travail, et\u2026","rel":"","context":"Dans &quot;Accueil&quot;","block_context":{"text":"Accueil","link":"https:\/\/cftc-dartyidf.fr\/index.php\/category\/accueil\/"},"img":{"alt_text":"","src":"https:\/\/i0.wp.com\/cftc-dartyidf.fr\/wp-content\/uploads\/2018\/06\/handi.jpg?resize=350%2C200&ssl=1","width":350,"height":200,"srcset":"https:\/\/i0.wp.com\/cftc-dartyidf.fr\/wp-content\/uploads\/2018\/06\/handi.jpg?resize=350%2C200&ssl=1 1x, https:\/\/i0.wp.com\/cftc-dartyidf.fr\/wp-content\/uploads\/2018\/06\/handi.jpg?resize=525%2C300&ssl=1 1.5x, https:\/\/i0.wp.com\/cftc-dartyidf.fr\/wp-content\/uploads\/2018\/06\/handi.jpg?resize=700%2C400&ssl=1 2x"},"classes":[]},{"id":1316,"url":"https:\/\/cftc-dartyidf.fr\/index.php\/2017\/12\/30\/vos-droits\/","url_meta":{"origin":922,"position":4},"title":"Vos droits","author":"webcsfv","date":"30\/12\/2017","format":false,"excerpt":"Nous vous accompagnons \u00a0 Le r\u00f4le du service juridique rev\u00eat une importance fondamentale au sein de notre F\u00e9d\u00e9ration de par ses diff\u00e9rentes missions et l'aide quotidienne qu'il apporte aux adh\u00e9rents et repr\u00e9sentants de la F\u00e9d\u00e9ration. 3 personnes composent actuellement le service juridique. Le service juridique est \u00e0 disposition des adh\u00e9rents\u2026","rel":"","context":"Dans &quot;Accueil&quot;","block_context":{"text":"Accueil","link":"https:\/\/cftc-dartyidf.fr\/index.php\/category\/accueil\/"},"img":{"alt_text":"","src":"https:\/\/i0.wp.com\/cftc-dartyidf.fr\/wp-content\/uploads\/2017\/12\/cftc-commerce.jpg?resize=350%2C200&ssl=1","width":350,"height":200,"srcset":"https:\/\/i0.wp.com\/cftc-dartyidf.fr\/wp-content\/uploads\/2017\/12\/cftc-commerce.jpg?resize=350%2C200&ssl=1 1x, https:\/\/i0.wp.com\/cftc-dartyidf.fr\/wp-content\/uploads\/2017\/12\/cftc-commerce.jpg?resize=525%2C300&ssl=1 1.5x"},"classes":[]},{"id":1607,"url":"https:\/\/cftc-dartyidf.fr\/index.php\/2018\/06\/14\/chiffre-daffaire-du-premier-trimestre-2018\/","url_meta":{"origin":922,"position":5},"title":"Chiffre d&#8217;affaire du premier trimestre 2018","author":"webcsfv","date":"14\/06\/2018","format":false,"excerpt":"Croissance du chiffre d\u2019affaires au 1er trimestre 2018 Acc\u00e9l\u00e9ration du d\u00e9ploiement du plan Bonne progression de la mise en \u0153uvre des synergies \uf0a7* La croissance du chiffre d\u2019affaires du Groupe au 1er trimestre 2018 atteint +0,6%, malgr\u00e9 un environnement de consommation atone et des conditions climatiques d\u00e9favorables \uf0b7 Impact des\u2026","rel":"","context":"Dans &quot;Accueil&quot;","block_context":{"text":"Accueil","link":"https:\/\/cftc-dartyidf.fr\/index.php\/category\/accueil\/"},"img":{"alt_text":"","src":"https:\/\/i0.wp.com\/cftc-dartyidf.fr\/wp-content\/uploads\/2018\/06\/fnac-darty.jpg?resize=350%2C200&ssl=1","width":350,"height":200,"srcset":"https:\/\/i0.wp.com\/cftc-dartyidf.fr\/wp-content\/uploads\/2018\/06\/fnac-darty.jpg?resize=350%2C200&ssl=1 1x, https:\/\/i0.wp.com\/cftc-dartyidf.fr\/wp-content\/uploads\/2018\/06\/fnac-darty.jpg?resize=525%2C300&ssl=1 1.5x"},"classes":[]}],"_links":{"self":[{"href":"https:\/\/cftc-dartyidf.fr\/index.php\/wp-json\/wp\/v2\/posts\/922","targetHints":{"allow":["GET"]}}],"collection":[{"href":"https:\/\/cftc-dartyidf.fr\/index.php\/wp-json\/wp\/v2\/posts"}],"about":[{"href":"https:\/\/cftc-dartyidf.fr\/index.php\/wp-json\/wp\/v2\/types\/post"}],"author":[{"embeddable":true,"href":"https:\/\/cftc-dartyidf.fr\/index.php\/wp-json\/wp\/v2\/users\/1"}],"replies":[{"embeddable":true,"href":"https:\/\/cftc-dartyidf.fr\/index.php\/wp-json\/wp\/v2\/comments?post=922"}],"version-history":[{"count":2,"href":"https:\/\/cftc-dartyidf.fr\/index.php\/wp-json\/wp\/v2\/posts\/922\/revisions"}],"predecessor-version":[{"id":925,"href":"https:\/\/cftc-dartyidf.fr\/index.php\/wp-json\/wp\/v2\/posts\/922\/revisions\/925"}],"wp:featuredmedia":[{"embeddable":true,"href":"https:\/\/cftc-dartyidf.fr\/index.php\/wp-json\/wp\/v2\/media\/927"}],"wp:attachment":[{"href":"https:\/\/cftc-dartyidf.fr\/index.php\/wp-json\/wp\/v2\/media?parent=922"}],"wp:term":[{"taxonomy":"category","embeddable":true,"href":"https:\/\/cftc-dartyidf.fr\/index.php\/wp-json\/wp\/v2\/categories?post=922"},{"taxonomy":"post_tag","embeddable":true,"href":"https:\/\/cftc-dartyidf.fr\/index.php\/wp-json\/wp\/v2\/tags?post=922"}],"curies":[{"name":"wp","href":"https:\/\/api.w.org\/{rel}","templated":true}]}}