{"id":7822,"date":"2026-01-04T15:36:58","date_gmt":"2026-01-04T14:36:58","guid":{"rendered":"https:\/\/cftc-dartyidf.fr\/?p=7822"},"modified":"2026-01-04T15:43:07","modified_gmt":"2026-01-04T14:43:07","slug":"elections-cse-2025-vos-nouveaux-elus","status":"publish","type":"post","link":"https:\/\/cftc-dartyidf.fr\/index.php\/2026\/01\/04\/elections-cse-2025-vos-nouveaux-elus\/","title":{"rendered":"Elections CSE 2025 : vos nouveaux \u00e9lus : Philippe S\u00c9NIA, Marie-Louise TH\u00c9R\u00c9SINE, Silva JAURE, Jemili GHRIBI"},"content":{"rendered":"<p><a href=\"https:\/\/cftc-dartyidf.fr\/wp-content\/uploads\/2021\/05\/P.Senia_.png\"><img loading=\"lazy\" decoding=\"async\" data-attachment-id=\"7088\" data-permalink=\"https:\/\/cftc-dartyidf.fr\/index.php\/qui-sommes-nous\/p-senia\/#main\" data-orig-file=\"https:\/\/cftc-dartyidf.fr\/wp-content\/uploads\/2021\/05\/P.Senia_.png\" data-orig-size=\"229,291\" data-comments-opened=\"0\" data-image-meta=\"{&quot;aperture&quot;:&quot;0&quot;,&quot;credit&quot;:&quot;&quot;,&quot;camera&quot;:&quot;&quot;,&quot;caption&quot;:&quot;&quot;,&quot;created_timestamp&quot;:&quot;0&quot;,&quot;copyright&quot;:&quot;&quot;,&quot;focal_length&quot;:&quot;0&quot;,&quot;iso&quot;:&quot;0&quot;,&quot;shutter_speed&quot;:&quot;0&quot;,&quot;title&quot;:&quot;&quot;,&quot;orientation&quot;:&quot;0&quot;}\" data-image-title=\"P.S\u00e9nia\" data-image-description=\"\" data-image-caption=\"\" data-large-file=\"https:\/\/cftc-dartyidf.fr\/wp-content\/uploads\/2021\/05\/P.Senia_.png\" class=\"alignnone wp-image-7088\" src=\"https:\/\/cftc-dartyidf.fr\/wp-content\/uploads\/2021\/05\/P.Senia_.png\" alt=\"\" width=\"267\" height=\"340\" \/><\/a> <a href=\"https:\/\/cftc-dartyidf.fr\/wp-content\/uploads\/2017\/02\/M.THERESINE.png\"><img loading=\"lazy\" decoding=\"async\" data-attachment-id=\"7096\" data-permalink=\"https:\/\/cftc-dartyidf.fr\/?attachment_id=7096#main\" data-orig-file=\"https:\/\/cftc-dartyidf.fr\/wp-content\/uploads\/2017\/02\/M.THERESINE.png\" data-orig-size=\"166,202\" data-comments-opened=\"0\" data-image-meta=\"{&quot;aperture&quot;:&quot;0&quot;,&quot;credit&quot;:&quot;&quot;,&quot;camera&quot;:&quot;&quot;,&quot;caption&quot;:&quot;&quot;,&quot;created_timestamp&quot;:&quot;0&quot;,&quot;copyright&quot;:&quot;&quot;,&quot;focal_length&quot;:&quot;0&quot;,&quot;iso&quot;:&quot;0&quot;,&quot;shutter_speed&quot;:&quot;0&quot;,&quot;title&quot;:&quot;&quot;,&quot;orientation&quot;:&quot;0&quot;}\" data-image-title=\"M.TH\u00c9R\u00c9SINE\" data-image-description=\"\" data-image-caption=\"\" data-large-file=\"https:\/\/cftc-dartyidf.fr\/wp-content\/uploads\/2017\/02\/M.THERESINE.png\" class=\"alignnone wp-image-7096\" src=\"https:\/\/cftc-dartyidf.fr\/wp-content\/uploads\/2017\/02\/M.THERESINE.png\" alt=\"\" width=\"196\" height=\"239\" \/><\/a><a href=\"https:\/\/cftc-dartyidf.fr\/wp-content\/uploads\/2017\/02\/S.JAURE_.png\"><img loading=\"lazy\" decoding=\"async\" data-attachment-id=\"7100\" data-permalink=\"https:\/\/cftc-dartyidf.fr\/?attachment_id=7100#main\" data-orig-file=\"https:\/\/cftc-dartyidf.fr\/wp-content\/uploads\/2017\/02\/S.JAURE_.png\" data-orig-size=\"158,195\" data-comments-opened=\"0\" data-image-meta=\"{&quot;aperture&quot;:&quot;0&quot;,&quot;credit&quot;:&quot;&quot;,&quot;camera&quot;:&quot;&quot;,&quot;caption&quot;:&quot;&quot;,&quot;created_timestamp&quot;:&quot;0&quot;,&quot;copyright&quot;:&quot;&quot;,&quot;focal_length&quot;:&quot;0&quot;,&quot;iso&quot;:&quot;0&quot;,&quot;shutter_speed&quot;:&quot;0&quot;,&quot;title&quot;:&quot;&quot;,&quot;orientation&quot;:&quot;0&quot;}\" data-image-title=\"S.JAURE\" data-image-description=\"\" data-image-caption=\"\" data-large-file=\"https:\/\/cftc-dartyidf.fr\/wp-content\/uploads\/2017\/02\/S.JAURE_.png\" class=\"alignnone wp-image-7100\" src=\"https:\/\/cftc-dartyidf.fr\/wp-content\/uploads\/2017\/02\/S.JAURE_.png\" alt=\"\" width=\"194\" height=\"239\" \/><\/a><a href=\"https:\/\/cftc-dartyidf.fr\/wp-content\/uploads\/2025\/11\/JEMILI-GHRIBI.jpeg\"><img loading=\"lazy\" decoding=\"async\" data-attachment-id=\"7810\" data-permalink=\"https:\/\/cftc-dartyidf.fr\/index.php\/2026\/01\/04\/elections-cse-2025-vos-nouveaux-elus\/jemili-ghribi\/#main\" data-orig-file=\"https:\/\/cftc-dartyidf.fr\/wp-content\/uploads\/2025\/11\/JEMILI-GHRIBI.jpeg\" data-orig-size=\"683,857\" data-comments-opened=\"0\" data-image-meta=\"{&quot;aperture&quot;:&quot;0&quot;,&quot;credit&quot;:&quot;&quot;,&quot;camera&quot;:&quot;&quot;,&quot;caption&quot;:&quot;&quot;,&quot;created_timestamp&quot;:&quot;0&quot;,&quot;copyright&quot;:&quot;&quot;,&quot;focal_length&quot;:&quot;0&quot;,&quot;iso&quot;:&quot;0&quot;,&quot;shutter_speed&quot;:&quot;0&quot;,&quot;title&quot;:&quot;&quot;,&quot;orientation&quot;:&quot;1&quot;}\" data-image-title=\"JEMILI GHRIBI\" data-image-description=\"\" data-image-caption=\"\" data-large-file=\"https:\/\/cftc-dartyidf.fr\/wp-content\/uploads\/2025\/11\/JEMILI-GHRIBI.jpeg\" class=\"alignnone wp-image-7810\" src=\"https:\/\/cftc-dartyidf.fr\/wp-content\/uploads\/2025\/11\/JEMILI-GHRIBI-239x300.jpeg\" alt=\"\" width=\"191\" height=\"240\" srcset=\"https:\/\/cftc-dartyidf.fr\/wp-content\/uploads\/2025\/11\/JEMILI-GHRIBI-239x300.jpeg 239w, https:\/\/cftc-dartyidf.fr\/wp-content\/uploads\/2025\/11\/JEMILI-GHRIBI.jpeg 683w\" sizes=\"auto, (max-width: 191px) 100vw, 191px\" \/><\/a><\/p>\n","protected":false},"excerpt":{"rendered":"","protected":false},"author":46,"featured_media":7088,"comment_status":"closed","ping_status":"closed","sticky":false,"template":"","format":"standard","meta":{"generate_page_header":"","_price":"","_stock":"","_tribe_ticket_header":"","_tribe_default_ticket_provider":"","_tribe_ticket_capacity":"","_ticket_start_date":"","_ticket_end_date":"","_tribe_ticket_show_description":"","_tribe_ticket_show_not_going":false,"_tribe_ticket_use_global_stock":"","_tribe_ticket_global_stock_level":"","_global_stock_mode":"","_global_stock_cap":"","_tribe_rsvp_for_event":"","_tribe_ticket_going_count":"","_tribe_ticket_not_going_count":"","_tribe_tickets_list":"[]","_tribe_ticket_has_attendee_info_fields":false,"jetpack_post_was_ever_published":false,"_jetpack_newsletter_access":"","_jetpack_dont_email_post_to_subs":false,"_jetpack_newsletter_tier_id":0,"_jetpack_memberships_contains_paywalled_content":false,"_jetpack_memberships_contains_paid_content":false,"footnotes":"","jetpack_publicize_message":"","jetpack_publicize_feature_enabled":true,"jetpack_social_post_already_shared":true,"jetpack_social_options":{"image_generator_settings":{"template":"highway","default_image_id":0,"font":"","enabled":false},"version":2}},"categories":[1],"tags":[],"class_list":["post-7822","post","type-post","status-publish","format-standard","has-post-thumbnail","hentry","category-accueil","generate-columns","tablet-grid-50","mobile-grid-100","grid-parent","grid-50","resize-featured-image"],"yoast_head":"<!-- This site is optimized with the Yoast SEO plugin v27.5 - https:\/\/yoast.com\/product\/yoast-seo-wordpress\/ -->\n<title>Elections CSE 2025 : vos nouveaux \u00e9lus : Philippe S\u00c9NIA, Marie-Louise TH\u00c9R\u00c9SINE, Silva JAURE, Jemili GHRIBI - CFTC-Darty IDF<\/title>\n<meta name=\"robots\" content=\"index, follow, max-snippet:-1, max-image-preview:large, max-video-preview:-1\" \/>\n<link rel=\"canonical\" href=\"https:\/\/cftc-dartyidf.fr\/index.php\/2026\/01\/04\/elections-cse-2025-vos-nouveaux-elus\/\" \/>\n<meta property=\"og:locale\" content=\"fr_FR\" \/>\n<meta property=\"og:type\" content=\"article\" \/>\n<meta property=\"og:title\" content=\"Elections CSE 2025 : vos nouveaux \u00e9lus : Philippe S\u00c9NIA, Marie-Louise TH\u00c9R\u00c9SINE, Silva JAURE, Jemili GHRIBI - CFTC-Darty IDF\" \/>\n<meta property=\"og:url\" content=\"https:\/\/cftc-dartyidf.fr\/index.php\/2026\/01\/04\/elections-cse-2025-vos-nouveaux-elus\/\" \/>\n<meta property=\"og:site_name\" content=\"CFTC-Darty IDF\" \/>\n<meta property=\"article:published_time\" content=\"2026-01-04T14:36:58+00:00\" \/>\n<meta property=\"article:modified_time\" content=\"2026-01-04T14:43:07+00:00\" \/>\n<meta property=\"og:image\" content=\"https:\/\/cftc-dartyidf.fr\/wp-content\/uploads\/2021\/05\/P.Senia_.png\" \/>\n\t<meta property=\"og:image:width\" content=\"229\" \/>\n\t<meta property=\"og:image:height\" content=\"291\" \/>\n\t<meta property=\"og:image:type\" content=\"image\/png\" \/>\n<meta name=\"author\" content=\"S\u00e9bastien Gilopp\u00e9\" \/>\n<meta name=\"twitter:card\" content=\"summary_large_image\" \/>\n<meta name=\"twitter:label1\" content=\"\u00c9crit par\" \/>\n\t<meta name=\"twitter:data1\" content=\"S\u00e9bastien Gilopp\u00e9\" \/>\n\t<meta name=\"twitter:label2\" content=\"Dur\u00e9e de lecture estim\u00e9e\" \/>\n\t<meta name=\"twitter:data2\" content=\"2 minutes\" \/>\n<script type=\"application\/ld+json\" class=\"yoast-schema-graph\">{\"@context\":\"https:\\\/\\\/schema.org\",\"@graph\":[{\"@type\":\"Article\",\"@id\":\"https:\\\/\\\/cftc-dartyidf.fr\\\/index.php\\\/2026\\\/01\\\/04\\\/elections-cse-2025-vos-nouveaux-elus\\\/#article\",\"isPartOf\":{\"@id\":\"https:\\\/\\\/cftc-dartyidf.fr\\\/index.php\\\/2026\\\/01\\\/04\\\/elections-cse-2025-vos-nouveaux-elus\\\/\"},\"author\":{\"name\":\"S\u00e9bastien Gilopp\u00e9\",\"@id\":\"https:\\\/\\\/cftc-dartyidf.fr\\\/#\\\/schema\\\/person\\\/9f3cc818fc624efb80e323a95eb20ccc\"},\"headline\":\"Elections CSE 2025 : vos nouveaux \u00e9lus : Philippe S\u00c9NIA, Marie-Louise TH\u00c9R\u00c9SINE, Silva JAURE, Jemili GHRIBI\",\"datePublished\":\"2026-01-04T14:36:58+00:00\",\"dateModified\":\"2026-01-04T14:43:07+00:00\",\"mainEntityOfPage\":{\"@id\":\"https:\\\/\\\/cftc-dartyidf.fr\\\/index.php\\\/2026\\\/01\\\/04\\\/elections-cse-2025-vos-nouveaux-elus\\\/\"},\"wordCount\":16,\"image\":{\"@id\":\"https:\\\/\\\/cftc-dartyidf.fr\\\/index.php\\\/2026\\\/01\\\/04\\\/elections-cse-2025-vos-nouveaux-elus\\\/#primaryimage\"},\"thumbnailUrl\":\"https:\\\/\\\/cftc-dartyidf.fr\\\/wp-content\\\/uploads\\\/2021\\\/05\\\/P.Senia_.png\",\"articleSection\":[\"Accueil\"],\"inLanguage\":\"fr-FR\"},{\"@type\":\"WebPage\",\"@id\":\"https:\\\/\\\/cftc-dartyidf.fr\\\/index.php\\\/2026\\\/01\\\/04\\\/elections-cse-2025-vos-nouveaux-elus\\\/\",\"url\":\"https:\\\/\\\/cftc-dartyidf.fr\\\/index.php\\\/2026\\\/01\\\/04\\\/elections-cse-2025-vos-nouveaux-elus\\\/\",\"name\":\"Elections CSE 2025 : vos nouveaux \u00e9lus : Philippe S\u00c9NIA, Marie-Louise TH\u00c9R\u00c9SINE, Silva JAURE, Jemili GHRIBI - CFTC-Darty IDF\",\"isPartOf\":{\"@id\":\"https:\\\/\\\/cftc-dartyidf.fr\\\/#website\"},\"primaryImageOfPage\":{\"@id\":\"https:\\\/\\\/cftc-dartyidf.fr\\\/index.php\\\/2026\\\/01\\\/04\\\/elections-cse-2025-vos-nouveaux-elus\\\/#primaryimage\"},\"image\":{\"@id\":\"https:\\\/\\\/cftc-dartyidf.fr\\\/index.php\\\/2026\\\/01\\\/04\\\/elections-cse-2025-vos-nouveaux-elus\\\/#primaryimage\"},\"thumbnailUrl\":\"https:\\\/\\\/cftc-dartyidf.fr\\\/wp-content\\\/uploads\\\/2021\\\/05\\\/P.Senia_.png\",\"datePublished\":\"2026-01-04T14:36:58+00:00\",\"dateModified\":\"2026-01-04T14:43:07+00:00\",\"author\":{\"@id\":\"https:\\\/\\\/cftc-dartyidf.fr\\\/#\\\/schema\\\/person\\\/9f3cc818fc624efb80e323a95eb20ccc\"},\"breadcrumb\":{\"@id\":\"https:\\\/\\\/cftc-dartyidf.fr\\\/index.php\\\/2026\\\/01\\\/04\\\/elections-cse-2025-vos-nouveaux-elus\\\/#breadcrumb\"},\"inLanguage\":\"fr-FR\",\"potentialAction\":[{\"@type\":\"ReadAction\",\"target\":[\"https:\\\/\\\/cftc-dartyidf.fr\\\/index.php\\\/2026\\\/01\\\/04\\\/elections-cse-2025-vos-nouveaux-elus\\\/\"]}]},{\"@type\":\"ImageObject\",\"inLanguage\":\"fr-FR\",\"@id\":\"https:\\\/\\\/cftc-dartyidf.fr\\\/index.php\\\/2026\\\/01\\\/04\\\/elections-cse-2025-vos-nouveaux-elus\\\/#primaryimage\",\"url\":\"https:\\\/\\\/cftc-dartyidf.fr\\\/wp-content\\\/uploads\\\/2021\\\/05\\\/P.Senia_.png\",\"contentUrl\":\"https:\\\/\\\/cftc-dartyidf.fr\\\/wp-content\\\/uploads\\\/2021\\\/05\\\/P.Senia_.png\",\"width\":229,\"height\":291},{\"@type\":\"BreadcrumbList\",\"@id\":\"https:\\\/\\\/cftc-dartyidf.fr\\\/index.php\\\/2026\\\/01\\\/04\\\/elections-cse-2025-vos-nouveaux-elus\\\/#breadcrumb\",\"itemListElement\":[{\"@type\":\"ListItem\",\"position\":1,\"name\":\"Accueil\",\"item\":\"https:\\\/\\\/cftc-dartyidf.fr\\\/\"},{\"@type\":\"ListItem\",\"position\":2,\"name\":\"Elections CSE 2025 : vos nouveaux \u00e9lus : Philippe S\u00c9NIA, Marie-Louise TH\u00c9R\u00c9SINE, Silva JAURE, Jemili GHRIBI\"}]},{\"@type\":\"WebSite\",\"@id\":\"https:\\\/\\\/cftc-dartyidf.fr\\\/#website\",\"url\":\"https:\\\/\\\/cftc-dartyidf.fr\\\/\",\"name\":\"CFTC-Darty IDF\",\"description\":\"Le site de la section syndicale CFTC chez Darty IDF\",\"potentialAction\":[{\"@type\":\"SearchAction\",\"target\":{\"@type\":\"EntryPoint\",\"urlTemplate\":\"https:\\\/\\\/cftc-dartyidf.fr\\\/?s={search_term_string}\"},\"query-input\":{\"@type\":\"PropertyValueSpecification\",\"valueRequired\":true,\"valueName\":\"search_term_string\"}}],\"inLanguage\":\"fr-FR\"},{\"@type\":\"Person\",\"@id\":\"https:\\\/\\\/cftc-dartyidf.fr\\\/#\\\/schema\\\/person\\\/9f3cc818fc624efb80e323a95eb20ccc\",\"name\":\"S\u00e9bastien Gilopp\u00e9\",\"image\":{\"@type\":\"ImageObject\",\"inLanguage\":\"fr-FR\",\"@id\":\"https:\\\/\\\/secure.gravatar.com\\\/avatar\\\/a154be3b351ecb10c668e001b928beca7b84f957d0a81d6067eb018a9f5fedc4?s=96&d=mm&r=g\",\"url\":\"https:\\\/\\\/secure.gravatar.com\\\/avatar\\\/a154be3b351ecb10c668e001b928beca7b84f957d0a81d6067eb018a9f5fedc4?s=96&d=mm&r=g\",\"contentUrl\":\"https:\\\/\\\/secure.gravatar.com\\\/avatar\\\/a154be3b351ecb10c668e001b928beca7b84f957d0a81d6067eb018a9f5fedc4?s=96&d=mm&r=g\",\"caption\":\"S\u00e9bastien Gilopp\u00e9\"},\"url\":\"https:\\\/\\\/cftc-dartyidf.fr\\\/index.php\\\/author\\\/sebastiengiloppe\\\/\"}]}<\/script>\n<!-- \/ Yoast SEO plugin. -->","yoast_head_json":{"title":"Elections CSE 2025 : vos nouveaux \u00e9lus : Philippe S\u00c9NIA, Marie-Louise TH\u00c9R\u00c9SINE, Silva JAURE, Jemili GHRIBI - CFTC-Darty IDF","robots":{"index":"index","follow":"follow","max-snippet":"max-snippet:-1","max-image-preview":"max-image-preview:large","max-video-preview":"max-video-preview:-1"},"canonical":"https:\/\/cftc-dartyidf.fr\/index.php\/2026\/01\/04\/elections-cse-2025-vos-nouveaux-elus\/","og_locale":"fr_FR","og_type":"article","og_title":"Elections CSE 2025 : vos nouveaux \u00e9lus : Philippe S\u00c9NIA, Marie-Louise TH\u00c9R\u00c9SINE, Silva JAURE, Jemili GHRIBI - CFTC-Darty IDF","og_url":"https:\/\/cftc-dartyidf.fr\/index.php\/2026\/01\/04\/elections-cse-2025-vos-nouveaux-elus\/","og_site_name":"CFTC-Darty IDF","article_published_time":"2026-01-04T14:36:58+00:00","article_modified_time":"2026-01-04T14:43:07+00:00","og_image":[{"width":229,"height":291,"url":"https:\/\/cftc-dartyidf.fr\/wp-content\/uploads\/2021\/05\/P.Senia_.png","type":"image\/png"}],"author":"S\u00e9bastien Gilopp\u00e9","twitter_card":"summary_large_image","twitter_misc":{"\u00c9crit par":"S\u00e9bastien Gilopp\u00e9","Dur\u00e9e de lecture estim\u00e9e":"2 minutes"},"schema":{"@context":"https:\/\/schema.org","@graph":[{"@type":"Article","@id":"https:\/\/cftc-dartyidf.fr\/index.php\/2026\/01\/04\/elections-cse-2025-vos-nouveaux-elus\/#article","isPartOf":{"@id":"https:\/\/cftc-dartyidf.fr\/index.php\/2026\/01\/04\/elections-cse-2025-vos-nouveaux-elus\/"},"author":{"name":"S\u00e9bastien Gilopp\u00e9","@id":"https:\/\/cftc-dartyidf.fr\/#\/schema\/person\/9f3cc818fc624efb80e323a95eb20ccc"},"headline":"Elections CSE 2025 : vos nouveaux \u00e9lus : Philippe S\u00c9NIA, Marie-Louise TH\u00c9R\u00c9SINE, Silva JAURE, Jemili GHRIBI","datePublished":"2026-01-04T14:36:58+00:00","dateModified":"2026-01-04T14:43:07+00:00","mainEntityOfPage":{"@id":"https:\/\/cftc-dartyidf.fr\/index.php\/2026\/01\/04\/elections-cse-2025-vos-nouveaux-elus\/"},"wordCount":16,"image":{"@id":"https:\/\/cftc-dartyidf.fr\/index.php\/2026\/01\/04\/elections-cse-2025-vos-nouveaux-elus\/#primaryimage"},"thumbnailUrl":"https:\/\/cftc-dartyidf.fr\/wp-content\/uploads\/2021\/05\/P.Senia_.png","articleSection":["Accueil"],"inLanguage":"fr-FR"},{"@type":"WebPage","@id":"https:\/\/cftc-dartyidf.fr\/index.php\/2026\/01\/04\/elections-cse-2025-vos-nouveaux-elus\/","url":"https:\/\/cftc-dartyidf.fr\/index.php\/2026\/01\/04\/elections-cse-2025-vos-nouveaux-elus\/","name":"Elections CSE 2025 : vos nouveaux \u00e9lus : Philippe S\u00c9NIA, Marie-Louise TH\u00c9R\u00c9SINE, Silva JAURE, Jemili GHRIBI - CFTC-Darty IDF","isPartOf":{"@id":"https:\/\/cftc-dartyidf.fr\/#website"},"primaryImageOfPage":{"@id":"https:\/\/cftc-dartyidf.fr\/index.php\/2026\/01\/04\/elections-cse-2025-vos-nouveaux-elus\/#primaryimage"},"image":{"@id":"https:\/\/cftc-dartyidf.fr\/index.php\/2026\/01\/04\/elections-cse-2025-vos-nouveaux-elus\/#primaryimage"},"thumbnailUrl":"https:\/\/cftc-dartyidf.fr\/wp-content\/uploads\/2021\/05\/P.Senia_.png","datePublished":"2026-01-04T14:36:58+00:00","dateModified":"2026-01-04T14:43:07+00:00","author":{"@id":"https:\/\/cftc-dartyidf.fr\/#\/schema\/person\/9f3cc818fc624efb80e323a95eb20ccc"},"breadcrumb":{"@id":"https:\/\/cftc-dartyidf.fr\/index.php\/2026\/01\/04\/elections-cse-2025-vos-nouveaux-elus\/#breadcrumb"},"inLanguage":"fr-FR","potentialAction":[{"@type":"ReadAction","target":["https:\/\/cftc-dartyidf.fr\/index.php\/2026\/01\/04\/elections-cse-2025-vos-nouveaux-elus\/"]}]},{"@type":"ImageObject","inLanguage":"fr-FR","@id":"https:\/\/cftc-dartyidf.fr\/index.php\/2026\/01\/04\/elections-cse-2025-vos-nouveaux-elus\/#primaryimage","url":"https:\/\/cftc-dartyidf.fr\/wp-content\/uploads\/2021\/05\/P.Senia_.png","contentUrl":"https:\/\/cftc-dartyidf.fr\/wp-content\/uploads\/2021\/05\/P.Senia_.png","width":229,"height":291},{"@type":"BreadcrumbList","@id":"https:\/\/cftc-dartyidf.fr\/index.php\/2026\/01\/04\/elections-cse-2025-vos-nouveaux-elus\/#breadcrumb","itemListElement":[{"@type":"ListItem","position":1,"name":"Accueil","item":"https:\/\/cftc-dartyidf.fr\/"},{"@type":"ListItem","position":2,"name":"Elections CSE 2025 : vos nouveaux \u00e9lus : Philippe S\u00c9NIA, Marie-Louise TH\u00c9R\u00c9SINE, Silva JAURE, Jemili GHRIBI"}]},{"@type":"WebSite","@id":"https:\/\/cftc-dartyidf.fr\/#website","url":"https:\/\/cftc-dartyidf.fr\/","name":"CFTC-Darty IDF","description":"Le site de la section syndicale CFTC chez Darty IDF","potentialAction":[{"@type":"SearchAction","target":{"@type":"EntryPoint","urlTemplate":"https:\/\/cftc-dartyidf.fr\/?s={search_term_string}"},"query-input":{"@type":"PropertyValueSpecification","valueRequired":true,"valueName":"search_term_string"}}],"inLanguage":"fr-FR"},{"@type":"Person","@id":"https:\/\/cftc-dartyidf.fr\/#\/schema\/person\/9f3cc818fc624efb80e323a95eb20ccc","name":"S\u00e9bastien Gilopp\u00e9","image":{"@type":"ImageObject","inLanguage":"fr-FR","@id":"https:\/\/secure.gravatar.com\/avatar\/a154be3b351ecb10c668e001b928beca7b84f957d0a81d6067eb018a9f5fedc4?s=96&d=mm&r=g","url":"https:\/\/secure.gravatar.com\/avatar\/a154be3b351ecb10c668e001b928beca7b84f957d0a81d6067eb018a9f5fedc4?s=96&d=mm&r=g","contentUrl":"https:\/\/secure.gravatar.com\/avatar\/a154be3b351ecb10c668e001b928beca7b84f957d0a81d6067eb018a9f5fedc4?s=96&d=mm&r=g","caption":"S\u00e9bastien Gilopp\u00e9"},"url":"https:\/\/cftc-dartyidf.fr\/index.php\/author\/sebastiengiloppe\/"}]}},"jetpack_publicize_connections":[],"jetpack_featured_media_url":"https:\/\/cftc-dartyidf.fr\/wp-content\/uploads\/2021\/05\/P.Senia_.png","jetpack_sharing_enabled":true,"jetpack_shortlink":"https:\/\/wp.me\/p8n98f-22a","jetpack-related-posts":[{"id":1373,"url":"https:\/\/cftc-dartyidf.fr\/index.php\/2018\/01\/22\/ordonnances-expliquees-mise-a-jour-2018\/","url_meta":{"origin":7822,"position":0},"title":"Les ordonnances expliqu\u00e9es &#8211; Mise \u00e0 jour 2018","author":"webcsfv","date":"22\/01\/2018","format":false,"excerpt":"F\u00e9d\u00e9ration CSFV - Le 12 Janvier 2018 La semaine derni\u00e8re a eu lieu, \u00e0 la F\u00e9d\u00e9ration, deux s\u00e9minaires exceptionnels sur les ordonnances du code du travail. \u00c0 cette occasion, le service juridique a fait le point sur le CSE (Comit\u00e9 Social et \u00c9conomique), les nouveaut\u00e9s de la n\u00e9gociation collective et\u2026","rel":"","context":"Dans &quot;Accueil&quot;","block_context":{"text":"Accueil","link":"https:\/\/cftc-dartyidf.fr\/index.php\/category\/accueil\/"},"img":{"alt_text":"","src":"https:\/\/i0.wp.com\/cftc-dartyidf.fr\/wp-content\/uploads\/2016\/11\/logo-CFTC-CSFV-linkedin.jpg?resize=350%2C200&ssl=1","width":350,"height":200},"classes":[]},{"id":1316,"url":"https:\/\/cftc-dartyidf.fr\/index.php\/2017\/12\/30\/vos-droits\/","url_meta":{"origin":7822,"position":1},"title":"Vos droits","author":"webcsfv","date":"30\/12\/2017","format":false,"excerpt":"Nous vous accompagnons \u00a0 Le r\u00f4le du service juridique rev\u00eat une importance fondamentale au sein de notre F\u00e9d\u00e9ration de par ses diff\u00e9rentes missions et l'aide quotidienne qu'il apporte aux adh\u00e9rents et repr\u00e9sentants de la F\u00e9d\u00e9ration. 3 personnes composent actuellement le service juridique. Le service juridique est \u00e0 disposition des adh\u00e9rents\u2026","rel":"","context":"Dans &quot;Accueil&quot;","block_context":{"text":"Accueil","link":"https:\/\/cftc-dartyidf.fr\/index.php\/category\/accueil\/"},"img":{"alt_text":"","src":"https:\/\/i0.wp.com\/cftc-dartyidf.fr\/wp-content\/uploads\/2017\/12\/cftc-commerce.jpg?resize=350%2C200&ssl=1","width":350,"height":200,"srcset":"https:\/\/i0.wp.com\/cftc-dartyidf.fr\/wp-content\/uploads\/2017\/12\/cftc-commerce.jpg?resize=350%2C200&ssl=1 1x, https:\/\/i0.wp.com\/cftc-dartyidf.fr\/wp-content\/uploads\/2017\/12\/cftc-commerce.jpg?resize=525%2C300&ssl=1 1.5x"},"classes":[]},{"id":1761,"url":"https:\/\/cftc-dartyidf.fr\/index.php\/2019\/01\/29\/entretien-annuel-devaluation\/","url_meta":{"origin":7822,"position":2},"title":"Entretien annuel d\u2019\u00e9valuation","author":"webcsfv","date":"29\/01\/2019","format":false,"excerpt":"Marquant souvent la fin d\u2019ann\u00e9e, l\u2019entretien annuel d\u2019\u00e9valuation s\u2019est peu \u00e0 peu impos\u00e9 dans le paysage manag\u00e9rial de l'entreprise. Pourtant, il n\u2019est ni obligatoire ni fig\u00e9 dans la m\u00e9thode. D\u00e9cryptage. Ne faites plus l\u2019erreur ! Entretien professionnel et entretien d\u2019\u00e9valuation sont deux choses bien distinctes. Le premier s\u2019inscrit dans une\u2026","rel":"","context":"Dans &quot;Accueil&quot;","block_context":{"text":"Accueil","link":"https:\/\/cftc-dartyidf.fr\/index.php\/category\/accueil\/"},"img":{"alt_text":"","src":"https:\/\/i0.wp.com\/cftc-dartyidf.fr\/wp-content\/uploads\/2019\/01\/cftc1.jpg?resize=350%2C200&ssl=1","width":350,"height":200,"srcset":"https:\/\/i0.wp.com\/cftc-dartyidf.fr\/wp-content\/uploads\/2019\/01\/cftc1.jpg?resize=350%2C200&ssl=1 1x, https:\/\/i0.wp.com\/cftc-dartyidf.fr\/wp-content\/uploads\/2019\/01\/cftc1.jpg?resize=525%2C300&ssl=1 1.5x, https:\/\/i0.wp.com\/cftc-dartyidf.fr\/wp-content\/uploads\/2019\/01\/cftc1.jpg?resize=700%2C400&ssl=1 2x, https:\/\/i0.wp.com\/cftc-dartyidf.fr\/wp-content\/uploads\/2019\/01\/cftc1.jpg?resize=1050%2C600&ssl=1 3x"},"classes":[]},{"id":1434,"url":"https:\/\/cftc-dartyidf.fr\/index.php\/2018\/02\/11\/questions-pour-notre-pdg\/","url_meta":{"origin":7822,"position":3},"title":"Questions pour notre PDG et du COMEX","author":"webcsfv","date":"11\/02\/2018","format":false,"excerpt":"Rendez-vous sur l'intranet sous ce lien pour vos questions : https:\/\/fnacdarty.canalchat.fr\/fr\/ Enrique Martinez et les membres du COMEX (Comit\u00e9 Exc\u00e9cutif) vous r\u00e9pondront tr\u00e8s prochainement en vid\u00e9o. \u00a0","rel":"","context":"Dans &quot;Accueil&quot;","block_context":{"text":"Accueil","link":"https:\/\/cftc-dartyidf.fr\/index.php\/category\/accueil\/"},"img":{"alt_text":"","src":"https:\/\/i0.wp.com\/cftc-dartyidf.fr\/wp-content\/uploads\/2018\/02\/logoccgdfra.png?resize=350%2C200&ssl=1","width":350,"height":200,"srcset":"https:\/\/i0.wp.com\/cftc-dartyidf.fr\/wp-content\/uploads\/2018\/02\/logoccgdfra.png?resize=350%2C200&ssl=1 1x, https:\/\/i0.wp.com\/cftc-dartyidf.fr\/wp-content\/uploads\/2018\/02\/logoccgdfra.png?resize=525%2C300&ssl=1 1.5x, https:\/\/i0.wp.com\/cftc-dartyidf.fr\/wp-content\/uploads\/2018\/02\/logoccgdfra.png?resize=700%2C400&ssl=1 2x"},"classes":[]},{"id":1400,"url":"https:\/\/cftc-dartyidf.fr\/index.php\/2018\/01\/28\/nouveau-site\/","url_meta":{"origin":7822,"position":4},"title":"Nouveau site","author":"webcsfv","date":"28\/01\/2018","format":false,"excerpt":"Copinage Qui sommes-nous\u00a0? \u00a0 \u00a0 Les valeurs de la CFTC \u00a0 \u00a0 \u00a0 La repr\u00e9sentativit\u00e9 Le syndicat tout-en-un \u00a0 \u00a0 \u00a0 \"Des hommes et des femmes travaillant chez DARTY;\u00a0des vendeurs, des conseillers p\u00f4le service, des hotliners, des techniciens, des livreurs, des agents de ma\u00eetrise...\u00a0\u200b En faisant le m\u00eame m\u00e9tier que\u2026","rel":"","context":"Dans &quot;Accueil&quot;","block_context":{"text":"Accueil","link":"https:\/\/cftc-dartyidf.fr\/index.php\/category\/accueil\/"},"img":{"alt_text":"","src":"https:\/\/i0.wp.com\/cftc-dartyidf.fr\/wp-content\/uploads\/2018\/01\/cftc-dge.png?resize=350%2C200&ssl=1","width":350,"height":200},"classes":[]},{"id":1423,"url":"https:\/\/cftc-dartyidf.fr\/index.php\/2018\/01\/31\/rappel-vivinter\/","url_meta":{"origin":7822,"position":5},"title":"Rappel &#8211; Vivinter","author":"webcsfv","date":"31\/01\/2018","format":false,"excerpt":"https:\/\/vimeo.com\/197096255 \u00a0 QUI SOMMES-NOUS ? Votre entreprise nous a confi\u00e9 le remboursement compl\u00e9mentaire de vos frais de sant\u00e9 et de pr\u00e9voyance. VIVINTER est une marque\u00a0du Groupe SIACI SAINT HONORE, bas\u00e9e \u00e0 Clichy (92). Nous pouvons traiter les remboursements des frais de sant\u00e9 et le r\u00e8glement des prestations incapacit\u00e9 et invalidit\u00e9,\u2026","rel":"","context":"Dans &quot;Accueil&quot;","block_context":{"text":"Accueil","link":"https:\/\/cftc-dartyidf.fr\/index.php\/category\/accueil\/"},"img":{"alt_text":"","src":"","width":0,"height":0},"classes":[]}],"_links":{"self":[{"href":"https:\/\/cftc-dartyidf.fr\/index.php\/wp-json\/wp\/v2\/posts\/7822","targetHints":{"allow":["GET"]}}],"collection":[{"href":"https:\/\/cftc-dartyidf.fr\/index.php\/wp-json\/wp\/v2\/posts"}],"about":[{"href":"https:\/\/cftc-dartyidf.fr\/index.php\/wp-json\/wp\/v2\/types\/post"}],"author":[{"embeddable":true,"href":"https:\/\/cftc-dartyidf.fr\/index.php\/wp-json\/wp\/v2\/users\/46"}],"replies":[{"embeddable":true,"href":"https:\/\/cftc-dartyidf.fr\/index.php\/wp-json\/wp\/v2\/comments?post=7822"}],"version-history":[{"count":5,"href":"https:\/\/cftc-dartyidf.fr\/index.php\/wp-json\/wp\/v2\/posts\/7822\/revisions"}],"predecessor-version":[{"id":7827,"href":"https:\/\/cftc-dartyidf.fr\/index.php\/wp-json\/wp\/v2\/posts\/7822\/revisions\/7827"}],"wp:featuredmedia":[{"embeddable":true,"href":"https:\/\/cftc-dartyidf.fr\/index.php\/wp-json\/wp\/v2\/media\/7088"}],"wp:attachment":[{"href":"https:\/\/cftc-dartyidf.fr\/index.php\/wp-json\/wp\/v2\/media?parent=7822"}],"wp:term":[{"taxonomy":"category","embeddable":true,"href":"https:\/\/cftc-dartyidf.fr\/index.php\/wp-json\/wp\/v2\/categories?post=7822"},{"taxonomy":"post_tag","embeddable":true,"href":"https:\/\/cftc-dartyidf.fr\/index.php\/wp-json\/wp\/v2\/tags?post=7822"}],"curies":[{"name":"wp","href":"https:\/\/api.w.org\/{rel}","templated":true}]}}