{"id":1611,"date":"2018-06-21T09:05:02","date_gmt":"2018-06-21T07:05:02","guid":{"rendered":"https:\/\/cftc-dartyidf.fr\/?p=1611"},"modified":"2018-06-21T09:05:02","modified_gmt":"2018-06-21T07:05:02","slug":"qvt-ou-en-est-on-de-la-creation-dun-comite-de-suivi","status":"publish","type":"post","link":"https:\/\/cftc-dartyidf.fr\/index.php\/2018\/06\/21\/qvt-ou-en-est-on-de-la-creation-dun-comite-de-suivi\/","title":{"rendered":"QVT : O\u00f9 en est-on de la cr\u00e9ation d&#8217;un comit\u00e9 de suivi ?"},"content":{"rendered":"<p><span style=\"font-size: 14pt;\">Pour la CFTC la qualit\u00e9 de vie au travail (QVT) figure parmi les attentes fortes des salari\u00e9s et constitue un levier de performance pour les entreprises. Toutefois, la QVT est un sujet large, pas toujours bien compris des acteurs.<\/span><\/p>\n<p><span style=\"font-size: 14pt;\">Les accords \u00ab qualit\u00e9 de vie au travail \u00bb qui ont \u00e9t\u00e9 sign\u00e9s se pr\u00e9occupent en tr\u00e8s grande majorit\u00e9 de deux sujets. La conciliation entre la vie personnelle et la vie professionnelle, illustr\u00e9e par le t\u00e9l\u00e9travail ; et la pr\u00e9vention de la sant\u00e9, avec des d\u00e9marches de pr\u00e9vention des risques psychosociaux. D\u2019autres sujets rel\u00e8vent en revanche plus de l\u2019ordre du bien-\u00eatre en entreprise (\u00ab responsable du bonheur en entreprise \u00bb, conciergeries ou encore salle de sport).<\/span><\/p>\n<p><span style=\"font-size: 14pt;\">La CFTC se r\u00e9jouit de la prise en compte de ces probl\u00e9matiques qui lui sont ch\u00e8res mais elle estime que le r\u00e9sultat est largement insuffisant.<\/span><\/p>\n<p><span style=\"font-size: 14pt;\">Et pour cause, comment attendre des acteurs de l\u2019entreprise qu\u2019ils se saisissent de ce sujet majeur sans impulsion nationale ?<\/span><\/p>\n<p><span style=\"font-size: 14pt;\">En effet l\u2019article 22 de l\u2019Accord national interprofessionnel du 19 juin 2013 portant sur la QVT et l\u2019\u00e9galit\u00e9 professionnelle pr\u00e9voit la mise en place d\u2019un comit\u00e9 de suivi des exp\u00e9rimentations men\u00e9es par les branches et les entreprises dans ce domaine. Ce comit\u00e9 doit s\u2019appuyer sur ces derni\u00e8res pour proc\u00e9der \u00e0 l\u2019\u00e9valuation de la mise en \u0153uvre de l\u2019accord et proposer des \u00e9volutions. Force est de constater que ce comit\u00e9 n\u2019a pas \u00e9t\u00e9 mis en place.<\/span><\/p>\n<p><span style=\"font-size: 14pt;\">C\u2019est pourquoi, la CFTC dans un courrier (ci-joint) adress\u00e9 \u00e0 l\u2019ensemble des partenaires sociaux demande la cr\u00e9ation rapide de ce comit\u00e9.<\/span><\/p>\n<p><span style=\"font-size: 14pt;\">Dans un monde o\u00f9 l\u2019innovation (c\u2019est d\u2019ailleurs le th\u00e8me cette ann\u00e9e de la semaine QVT) bouleverse notre rapport au travail, aux autres, \u00e0 la hi\u00e9rarchie et \u00e0 la sant\u00e9, il est urgent que chacun se saisisse de cette question. Et en premier lieu les organisations syndicales et patronales.<\/span><\/p>\n<p><span style=\"font-size: 14pt;\">La CFTC a donc propos\u00e9 aux autres Organisations de les rencontrer pour envisager la tenue d\u2019une r\u00e9union paritaire afin de d\u00e9finir les modalit\u00e9s et le calendrier de la mise en place de ce comit\u00e9.<\/span><\/p>\n<p><span style=\"font-size: 14pt;\">Retrouvez le communiqu\u00e9 de presse directement sur le <a href=\"https:\/\/www.cftc.fr\/fr\/espace-presse\/communiques-de-presse\/cftc-appelle-partenaires-sociaux-a-se-saisir-de-qvt\">site de la CFTC.<\/a><\/span><\/p>\n<p>&nbsp;<\/p>\n<p><a href=\"https:\/\/www.csfv.fr\/actualite\/qvt-ou-en-est-de-la-creation-dun-comite-de-suivi\">https:\/\/www.csfv.fr\/actualite\/qvt-ou-en-est-de-la-creation-dun-comite-de-suivi<\/a><\/p>\n","protected":false},"excerpt":{"rendered":"<p>Pour la CFTC la qualit\u00e9 de vie au travail (QVT) figure parmi les attentes fortes des salari\u00e9s et constitue un levier de performance pour les entreprises. Toutefois, la QVT est &#8230; <a title=\"QVT : O\u00f9 en est-on de la cr\u00e9ation d&#8217;un comit\u00e9 de suivi ?\" class=\"read-more\" href=\"https:\/\/cftc-dartyidf.fr\/index.php\/2018\/06\/21\/qvt-ou-en-est-on-de-la-creation-dun-comite-de-suivi\/\" aria-label=\"En savoir plus sur QVT : O\u00f9 en est-on de la cr\u00e9ation d&#8217;un comit\u00e9 de suivi ?\">Lire plus<\/a><\/p>\n","protected":false},"author":1,"featured_media":1612,"comment_status":"closed","ping_status":"closed","sticky":false,"template":"","format":"standard","meta":{"generate_page_header":"","_price":"","_stock":"","_tribe_ticket_header":"","_tribe_default_ticket_provider":"","_tribe_ticket_capacity":"0","_ticket_start_date":"","_ticket_end_date":"","_tribe_ticket_show_description":"","_tribe_ticket_show_not_going":false,"_tribe_ticket_use_global_stock":"","_tribe_ticket_global_stock_level":"","_global_stock_mode":"","_global_stock_cap":"","_tribe_rsvp_for_event":"","_tribe_ticket_going_count":"","_tribe_ticket_not_going_count":"","_tribe_tickets_list":"[]","_tribe_ticket_has_attendee_info_fields":false,"jetpack_post_was_ever_published":false,"_jetpack_newsletter_access":"","_jetpack_dont_email_post_to_subs":false,"_jetpack_newsletter_tier_id":0,"_jetpack_memberships_contains_paywalled_content":false,"_jetpack_memberships_contains_paid_content":false,"footnotes":"","jetpack_publicize_message":"","jetpack_publicize_feature_enabled":true,"jetpack_social_post_already_shared":true,"jetpack_social_options":{"image_generator_settings":{"template":"highway","default_image_id":0,"font":"","enabled":false},"version":2}},"categories":[1],"tags":[],"class_list":["post-1611","post","type-post","status-publish","format-standard","has-post-thumbnail","hentry","category-accueil","generate-columns","tablet-grid-50","mobile-grid-100","grid-parent","grid-50","resize-featured-image"],"yoast_head":"<!-- This site is optimized with the Yoast SEO plugin v27.5 - https:\/\/yoast.com\/product\/yoast-seo-wordpress\/ -->\n<title>QVT : O\u00f9 en est-on de la cr\u00e9ation d&#039;un comit\u00e9 de suivi ? - CFTC-Darty IDF<\/title>\n<meta name=\"robots\" content=\"index, follow, max-snippet:-1, max-image-preview:large, max-video-preview:-1\" \/>\n<link rel=\"canonical\" href=\"https:\/\/cftc-dartyidf.fr\/index.php\/2018\/06\/21\/qvt-ou-en-est-on-de-la-creation-dun-comite-de-suivi\/\" \/>\n<meta property=\"og:locale\" content=\"fr_FR\" \/>\n<meta property=\"og:type\" content=\"article\" \/>\n<meta property=\"og:title\" content=\"QVT : O\u00f9 en est-on de la cr\u00e9ation d&#039;un comit\u00e9 de suivi ? - CFTC-Darty IDF\" \/>\n<meta property=\"og:description\" content=\"Pour la CFTC la qualit\u00e9 de vie au travail (QVT) figure parmi les attentes fortes des salari\u00e9s et constitue un levier de performance pour les entreprises. Toutefois, la QVT est ... Lire plus\" \/>\n<meta property=\"og:url\" content=\"https:\/\/cftc-dartyidf.fr\/index.php\/2018\/06\/21\/qvt-ou-en-est-on-de-la-creation-dun-comite-de-suivi\/\" \/>\n<meta property=\"og:site_name\" content=\"CFTC-Darty IDF\" \/>\n<meta property=\"article:published_time\" content=\"2018-06-21T07:05:02+00:00\" \/>\n<meta property=\"og:image\" content=\"https:\/\/cftc-dartyidf.fr\/wp-content\/uploads\/2018\/06\/semaine-de-la-qvt.jpg\" \/>\n\t<meta property=\"og:image:width\" content=\"1256\" \/>\n\t<meta property=\"og:image:height\" content=\"628\" \/>\n\t<meta property=\"og:image:type\" content=\"image\/jpeg\" \/>\n<meta name=\"author\" content=\"webcsfv\" \/>\n<meta name=\"twitter:card\" content=\"summary_large_image\" \/>\n<meta name=\"twitter:label1\" content=\"\u00c9crit par\" \/>\n\t<meta name=\"twitter:data1\" content=\"webcsfv\" \/>\n\t<meta name=\"twitter:label2\" content=\"Dur\u00e9e de lecture estim\u00e9e\" \/>\n\t<meta name=\"twitter:data2\" content=\"2 minutes\" \/>\n<script type=\"application\/ld+json\" class=\"yoast-schema-graph\">{\"@context\":\"https:\\\/\\\/schema.org\",\"@graph\":[{\"@type\":\"Article\",\"@id\":\"https:\\\/\\\/cftc-dartyidf.fr\\\/index.php\\\/2018\\\/06\\\/21\\\/qvt-ou-en-est-on-de-la-creation-dun-comite-de-suivi\\\/#article\",\"isPartOf\":{\"@id\":\"https:\\\/\\\/cftc-dartyidf.fr\\\/index.php\\\/2018\\\/06\\\/21\\\/qvt-ou-en-est-on-de-la-creation-dun-comite-de-suivi\\\/\"},\"author\":{\"name\":\"webcsfv\",\"@id\":\"https:\\\/\\\/cftc-dartyidf.fr\\\/#\\\/schema\\\/person\\\/71ee82537a022b7e374bcb7943ef2cd2\"},\"headline\":\"QVT : O\u00f9 en est-on de la cr\u00e9ation d&#8217;un comit\u00e9 de suivi ?\",\"datePublished\":\"2018-06-21T07:05:02+00:00\",\"mainEntityOfPage\":{\"@id\":\"https:\\\/\\\/cftc-dartyidf.fr\\\/index.php\\\/2018\\\/06\\\/21\\\/qvt-ou-en-est-on-de-la-creation-dun-comite-de-suivi\\\/\"},\"wordCount\":402,\"image\":{\"@id\":\"https:\\\/\\\/cftc-dartyidf.fr\\\/index.php\\\/2018\\\/06\\\/21\\\/qvt-ou-en-est-on-de-la-creation-dun-comite-de-suivi\\\/#primaryimage\"},\"thumbnailUrl\":\"https:\\\/\\\/cftc-dartyidf.fr\\\/wp-content\\\/uploads\\\/2018\\\/06\\\/semaine-de-la-qvt.jpg\",\"articleSection\":[\"Accueil\"],\"inLanguage\":\"fr-FR\"},{\"@type\":\"WebPage\",\"@id\":\"https:\\\/\\\/cftc-dartyidf.fr\\\/index.php\\\/2018\\\/06\\\/21\\\/qvt-ou-en-est-on-de-la-creation-dun-comite-de-suivi\\\/\",\"url\":\"https:\\\/\\\/cftc-dartyidf.fr\\\/index.php\\\/2018\\\/06\\\/21\\\/qvt-ou-en-est-on-de-la-creation-dun-comite-de-suivi\\\/\",\"name\":\"QVT : O\u00f9 en est-on de la cr\u00e9ation d'un comit\u00e9 de suivi ? - CFTC-Darty IDF\",\"isPartOf\":{\"@id\":\"https:\\\/\\\/cftc-dartyidf.fr\\\/#website\"},\"primaryImageOfPage\":{\"@id\":\"https:\\\/\\\/cftc-dartyidf.fr\\\/index.php\\\/2018\\\/06\\\/21\\\/qvt-ou-en-est-on-de-la-creation-dun-comite-de-suivi\\\/#primaryimage\"},\"image\":{\"@id\":\"https:\\\/\\\/cftc-dartyidf.fr\\\/index.php\\\/2018\\\/06\\\/21\\\/qvt-ou-en-est-on-de-la-creation-dun-comite-de-suivi\\\/#primaryimage\"},\"thumbnailUrl\":\"https:\\\/\\\/cftc-dartyidf.fr\\\/wp-content\\\/uploads\\\/2018\\\/06\\\/semaine-de-la-qvt.jpg\",\"datePublished\":\"2018-06-21T07:05:02+00:00\",\"author\":{\"@id\":\"https:\\\/\\\/cftc-dartyidf.fr\\\/#\\\/schema\\\/person\\\/71ee82537a022b7e374bcb7943ef2cd2\"},\"breadcrumb\":{\"@id\":\"https:\\\/\\\/cftc-dartyidf.fr\\\/index.php\\\/2018\\\/06\\\/21\\\/qvt-ou-en-est-on-de-la-creation-dun-comite-de-suivi\\\/#breadcrumb\"},\"inLanguage\":\"fr-FR\",\"potentialAction\":[{\"@type\":\"ReadAction\",\"target\":[\"https:\\\/\\\/cftc-dartyidf.fr\\\/index.php\\\/2018\\\/06\\\/21\\\/qvt-ou-en-est-on-de-la-creation-dun-comite-de-suivi\\\/\"]}]},{\"@type\":\"ImageObject\",\"inLanguage\":\"fr-FR\",\"@id\":\"https:\\\/\\\/cftc-dartyidf.fr\\\/index.php\\\/2018\\\/06\\\/21\\\/qvt-ou-en-est-on-de-la-creation-dun-comite-de-suivi\\\/#primaryimage\",\"url\":\"https:\\\/\\\/cftc-dartyidf.fr\\\/wp-content\\\/uploads\\\/2018\\\/06\\\/semaine-de-la-qvt.jpg\",\"contentUrl\":\"https:\\\/\\\/cftc-dartyidf.fr\\\/wp-content\\\/uploads\\\/2018\\\/06\\\/semaine-de-la-qvt.jpg\",\"width\":1256,\"height\":628},{\"@type\":\"BreadcrumbList\",\"@id\":\"https:\\\/\\\/cftc-dartyidf.fr\\\/index.php\\\/2018\\\/06\\\/21\\\/qvt-ou-en-est-on-de-la-creation-dun-comite-de-suivi\\\/#breadcrumb\",\"itemListElement\":[{\"@type\":\"ListItem\",\"position\":1,\"name\":\"Accueil\",\"item\":\"https:\\\/\\\/cftc-dartyidf.fr\\\/\"},{\"@type\":\"ListItem\",\"position\":2,\"name\":\"QVT : O\u00f9 en est-on de la cr\u00e9ation d&#8217;un comit\u00e9 de suivi ?\"}]},{\"@type\":\"WebSite\",\"@id\":\"https:\\\/\\\/cftc-dartyidf.fr\\\/#website\",\"url\":\"https:\\\/\\\/cftc-dartyidf.fr\\\/\",\"name\":\"CFTC-Darty IDF\",\"description\":\"Le site de la section syndicale CFTC chez Darty IDF\",\"potentialAction\":[{\"@type\":\"SearchAction\",\"target\":{\"@type\":\"EntryPoint\",\"urlTemplate\":\"https:\\\/\\\/cftc-dartyidf.fr\\\/?s={search_term_string}\"},\"query-input\":{\"@type\":\"PropertyValueSpecification\",\"valueRequired\":true,\"valueName\":\"search_term_string\"}}],\"inLanguage\":\"fr-FR\"},{\"@type\":\"Person\",\"@id\":\"https:\\\/\\\/cftc-dartyidf.fr\\\/#\\\/schema\\\/person\\\/71ee82537a022b7e374bcb7943ef2cd2\",\"name\":\"webcsfv\",\"image\":{\"@type\":\"ImageObject\",\"inLanguage\":\"fr-FR\",\"@id\":\"https:\\\/\\\/secure.gravatar.com\\\/avatar\\\/3d8bf08c8feaca537ce41c2b95cec6c85a8036a1687877b5eb7cb09dcb9b6f06?s=96&d=mm&r=g\",\"url\":\"https:\\\/\\\/secure.gravatar.com\\\/avatar\\\/3d8bf08c8feaca537ce41c2b95cec6c85a8036a1687877b5eb7cb09dcb9b6f06?s=96&d=mm&r=g\",\"contentUrl\":\"https:\\\/\\\/secure.gravatar.com\\\/avatar\\\/3d8bf08c8feaca537ce41c2b95cec6c85a8036a1687877b5eb7cb09dcb9b6f06?s=96&d=mm&r=g\",\"caption\":\"webcsfv\"},\"url\":\"https:\\\/\\\/cftc-dartyidf.fr\\\/index.php\\\/author\\\/webcsfv\\\/\"}]}<\/script>\n<!-- \/ Yoast SEO plugin. -->","yoast_head_json":{"title":"QVT : O\u00f9 en est-on de la cr\u00e9ation d'un comit\u00e9 de suivi ? - CFTC-Darty IDF","robots":{"index":"index","follow":"follow","max-snippet":"max-snippet:-1","max-image-preview":"max-image-preview:large","max-video-preview":"max-video-preview:-1"},"canonical":"https:\/\/cftc-dartyidf.fr\/index.php\/2018\/06\/21\/qvt-ou-en-est-on-de-la-creation-dun-comite-de-suivi\/","og_locale":"fr_FR","og_type":"article","og_title":"QVT : O\u00f9 en est-on de la cr\u00e9ation d'un comit\u00e9 de suivi ? - CFTC-Darty IDF","og_description":"Pour la CFTC la qualit\u00e9 de vie au travail (QVT) figure parmi les attentes fortes des salari\u00e9s et constitue un levier de performance pour les entreprises. Toutefois, la QVT est ... Lire plus","og_url":"https:\/\/cftc-dartyidf.fr\/index.php\/2018\/06\/21\/qvt-ou-en-est-on-de-la-creation-dun-comite-de-suivi\/","og_site_name":"CFTC-Darty IDF","article_published_time":"2018-06-21T07:05:02+00:00","og_image":[{"width":1256,"height":628,"url":"https:\/\/cftc-dartyidf.fr\/wp-content\/uploads\/2018\/06\/semaine-de-la-qvt.jpg","type":"image\/jpeg"}],"author":"webcsfv","twitter_card":"summary_large_image","twitter_misc":{"\u00c9crit par":"webcsfv","Dur\u00e9e de lecture estim\u00e9e":"2 minutes"},"schema":{"@context":"https:\/\/schema.org","@graph":[{"@type":"Article","@id":"https:\/\/cftc-dartyidf.fr\/index.php\/2018\/06\/21\/qvt-ou-en-est-on-de-la-creation-dun-comite-de-suivi\/#article","isPartOf":{"@id":"https:\/\/cftc-dartyidf.fr\/index.php\/2018\/06\/21\/qvt-ou-en-est-on-de-la-creation-dun-comite-de-suivi\/"},"author":{"name":"webcsfv","@id":"https:\/\/cftc-dartyidf.fr\/#\/schema\/person\/71ee82537a022b7e374bcb7943ef2cd2"},"headline":"QVT : O\u00f9 en est-on de la cr\u00e9ation d&#8217;un comit\u00e9 de suivi ?","datePublished":"2018-06-21T07:05:02+00:00","mainEntityOfPage":{"@id":"https:\/\/cftc-dartyidf.fr\/index.php\/2018\/06\/21\/qvt-ou-en-est-on-de-la-creation-dun-comite-de-suivi\/"},"wordCount":402,"image":{"@id":"https:\/\/cftc-dartyidf.fr\/index.php\/2018\/06\/21\/qvt-ou-en-est-on-de-la-creation-dun-comite-de-suivi\/#primaryimage"},"thumbnailUrl":"https:\/\/cftc-dartyidf.fr\/wp-content\/uploads\/2018\/06\/semaine-de-la-qvt.jpg","articleSection":["Accueil"],"inLanguage":"fr-FR"},{"@type":"WebPage","@id":"https:\/\/cftc-dartyidf.fr\/index.php\/2018\/06\/21\/qvt-ou-en-est-on-de-la-creation-dun-comite-de-suivi\/","url":"https:\/\/cftc-dartyidf.fr\/index.php\/2018\/06\/21\/qvt-ou-en-est-on-de-la-creation-dun-comite-de-suivi\/","name":"QVT : O\u00f9 en est-on de la cr\u00e9ation d'un comit\u00e9 de suivi ? - CFTC-Darty IDF","isPartOf":{"@id":"https:\/\/cftc-dartyidf.fr\/#website"},"primaryImageOfPage":{"@id":"https:\/\/cftc-dartyidf.fr\/index.php\/2018\/06\/21\/qvt-ou-en-est-on-de-la-creation-dun-comite-de-suivi\/#primaryimage"},"image":{"@id":"https:\/\/cftc-dartyidf.fr\/index.php\/2018\/06\/21\/qvt-ou-en-est-on-de-la-creation-dun-comite-de-suivi\/#primaryimage"},"thumbnailUrl":"https:\/\/cftc-dartyidf.fr\/wp-content\/uploads\/2018\/06\/semaine-de-la-qvt.jpg","datePublished":"2018-06-21T07:05:02+00:00","author":{"@id":"https:\/\/cftc-dartyidf.fr\/#\/schema\/person\/71ee82537a022b7e374bcb7943ef2cd2"},"breadcrumb":{"@id":"https:\/\/cftc-dartyidf.fr\/index.php\/2018\/06\/21\/qvt-ou-en-est-on-de-la-creation-dun-comite-de-suivi\/#breadcrumb"},"inLanguage":"fr-FR","potentialAction":[{"@type":"ReadAction","target":["https:\/\/cftc-dartyidf.fr\/index.php\/2018\/06\/21\/qvt-ou-en-est-on-de-la-creation-dun-comite-de-suivi\/"]}]},{"@type":"ImageObject","inLanguage":"fr-FR","@id":"https:\/\/cftc-dartyidf.fr\/index.php\/2018\/06\/21\/qvt-ou-en-est-on-de-la-creation-dun-comite-de-suivi\/#primaryimage","url":"https:\/\/cftc-dartyidf.fr\/wp-content\/uploads\/2018\/06\/semaine-de-la-qvt.jpg","contentUrl":"https:\/\/cftc-dartyidf.fr\/wp-content\/uploads\/2018\/06\/semaine-de-la-qvt.jpg","width":1256,"height":628},{"@type":"BreadcrumbList","@id":"https:\/\/cftc-dartyidf.fr\/index.php\/2018\/06\/21\/qvt-ou-en-est-on-de-la-creation-dun-comite-de-suivi\/#breadcrumb","itemListElement":[{"@type":"ListItem","position":1,"name":"Accueil","item":"https:\/\/cftc-dartyidf.fr\/"},{"@type":"ListItem","position":2,"name":"QVT : O\u00f9 en est-on de la cr\u00e9ation d&#8217;un comit\u00e9 de suivi ?"}]},{"@type":"WebSite","@id":"https:\/\/cftc-dartyidf.fr\/#website","url":"https:\/\/cftc-dartyidf.fr\/","name":"CFTC-Darty IDF","description":"Le site de la section syndicale CFTC chez Darty IDF","potentialAction":[{"@type":"SearchAction","target":{"@type":"EntryPoint","urlTemplate":"https:\/\/cftc-dartyidf.fr\/?s={search_term_string}"},"query-input":{"@type":"PropertyValueSpecification","valueRequired":true,"valueName":"search_term_string"}}],"inLanguage":"fr-FR"},{"@type":"Person","@id":"https:\/\/cftc-dartyidf.fr\/#\/schema\/person\/71ee82537a022b7e374bcb7943ef2cd2","name":"webcsfv","image":{"@type":"ImageObject","inLanguage":"fr-FR","@id":"https:\/\/secure.gravatar.com\/avatar\/3d8bf08c8feaca537ce41c2b95cec6c85a8036a1687877b5eb7cb09dcb9b6f06?s=96&d=mm&r=g","url":"https:\/\/secure.gravatar.com\/avatar\/3d8bf08c8feaca537ce41c2b95cec6c85a8036a1687877b5eb7cb09dcb9b6f06?s=96&d=mm&r=g","contentUrl":"https:\/\/secure.gravatar.com\/avatar\/3d8bf08c8feaca537ce41c2b95cec6c85a8036a1687877b5eb7cb09dcb9b6f06?s=96&d=mm&r=g","caption":"webcsfv"},"url":"https:\/\/cftc-dartyidf.fr\/index.php\/author\/webcsfv\/"}]}},"jetpack_publicize_connections":[],"jetpack_featured_media_url":"https:\/\/cftc-dartyidf.fr\/wp-content\/uploads\/2018\/06\/semaine-de-la-qvt.jpg","jetpack_sharing_enabled":true,"jetpack_shortlink":"https:\/\/wp.me\/p8n98f-pZ","jetpack-related-posts":[{"id":1713,"url":"https:\/\/cftc-dartyidf.fr\/index.php\/2018\/09\/15\/de-problemes-au-travail-ne-restez-pas-seul\/","url_meta":{"origin":1611,"position":0},"title":"De probl\u00e8mes au travail ? Ne restez pas seul !","author":"webcsfv","date":"15\/09\/2018","format":false,"excerpt":"Pour la CFTC, le travail est un moyen d\u2019\u00e9panouissement et d\u2019accomplissement. Il permet \u00e0 la personne de construire sa vie. Alors, quand, pour des raisons ind\u00e9pendantes de sa volont\u00e9, le salari\u00e9 se rend soudain au travail \u00ab \u00e0 reculons \u00bb, parce que la motivation n\u2019est plus l\u00e0, ou, pire, qu\u2019il\u2026","rel":"","context":"Dans &quot;Accueil&quot;","block_context":{"text":"Accueil","link":"https:\/\/cftc-dartyidf.fr\/index.php\/category\/accueil\/"},"img":{"alt_text":"","src":"https:\/\/i0.wp.com\/cftc-dartyidf.fr\/wp-content\/uploads\/2018\/09\/cftc.png?resize=350%2C200&ssl=1","width":350,"height":200,"srcset":"https:\/\/i0.wp.com\/cftc-dartyidf.fr\/wp-content\/uploads\/2018\/09\/cftc.png?resize=350%2C200&ssl=1 1x, https:\/\/i0.wp.com\/cftc-dartyidf.fr\/wp-content\/uploads\/2018\/09\/cftc.png?resize=525%2C300&ssl=1 1.5x, https:\/\/i0.wp.com\/cftc-dartyidf.fr\/wp-content\/uploads\/2018\/09\/cftc.png?resize=700%2C400&ssl=1 2x, https:\/\/i0.wp.com\/cftc-dartyidf.fr\/wp-content\/uploads\/2018\/09\/cftc.png?resize=1050%2C600&ssl=1 3x"},"classes":[]},{"id":1542,"url":"https:\/\/cftc-dartyidf.fr\/index.php\/2018\/04\/19\/burn-out-adapter-criteres-de-reconnaissance\/","url_meta":{"origin":1611,"position":1},"title":"Burn-out : adapter les crit\u00e8res de reconnaissance","author":"webcsfv","date":"19\/04\/2018","format":false,"excerpt":"Le burn-out est-il reconnu comme maladie professionnelle ? Le burn-out n\u2019est pas reconnu stricto sensu en tant que maladie\u2026 Si une proposition de loi en la mati\u00e8re a \u00e9t\u00e9 retoqu\u00e9e, le d\u00e9bat n\u2019en est pas moins ouvert. Il est temps de repenser la reconnaissance des affections psychiques, d\u00e9fend la CFTC,\u2026","rel":"","context":"Dans &quot;Accueil&quot;","block_context":{"text":"Accueil","link":"https:\/\/cftc-dartyidf.fr\/index.php\/category\/accueil\/"},"img":{"alt_text":"","src":"https:\/\/i0.wp.com\/cftc-dartyidf.fr\/wp-content\/uploads\/2018\/04\/burn.jpg?resize=350%2C200&ssl=1","width":350,"height":200,"srcset":"https:\/\/i0.wp.com\/cftc-dartyidf.fr\/wp-content\/uploads\/2018\/04\/burn.jpg?resize=350%2C200&ssl=1 1x, https:\/\/i0.wp.com\/cftc-dartyidf.fr\/wp-content\/uploads\/2018\/04\/burn.jpg?resize=525%2C300&ssl=1 1.5x"},"classes":[]},{"id":1495,"url":"https:\/\/cftc-dartyidf.fr\/index.php\/2018\/03\/26\/entreprise-condamnee-management-peur\/","url_meta":{"origin":1611,"position":2},"title":"Une entreprise condamn\u00e9e pour son  \u00ab Management par la peur \u00bb","author":"webcsfv","date":"26\/03\/2018","format":false,"excerpt":"La Cour de cassation a rendu une s\u00e9rie de sept arr\u00eats \u00e0 propos de plusieurs salari\u00e9s d\u2019un supermarch\u00e9 qui avaient d\u00e9missionn\u00e9 suite \u00e0 des m\u00e9thodes de management visant \u00e0 les pousser \u00e0 bout. Les t\u00e9moignages des salari\u00e9s ainsi qu\u2019un rapport de l\u2019inspection du travail ont en effet r\u00e9v\u00e9l\u00e9 qu\u2019avait \u00e9t\u00e9\u2026","rel":"","context":"Dans &quot;Accueil&quot;","block_context":{"text":"Accueil","link":"https:\/\/cftc-dartyidf.fr\/index.php\/category\/accueil\/"},"img":{"alt_text":"","src":"https:\/\/i0.wp.com\/cftc-dartyidf.fr\/wp-content\/uploads\/2018\/03\/souffrance.jpg?resize=350%2C200&ssl=1","width":350,"height":200},"classes":[]},{"id":1274,"url":"https:\/\/cftc-dartyidf.fr\/index.php\/2017\/12\/04\/travail-du-dimanche\/","url_meta":{"origin":1611,"position":3},"title":"Travail du dimanche","author":"webcsfv","date":"04\/12\/2017","format":false,"excerpt":"\"Ne basculons pas dans une soci\u00e9t\u00e9 o\u00f9 c'est le commerce qui dicte sa loi \u00e0 la vie personnelle\", s'insurge Joseph Touvenel INVIT\u00c9 RTL - Le travail le dimanche devient de plus en plus banal, deux ans apr\u00e8s l'adoption de la loi Macron. Deux ans apr\u00e8s l\u2019adoption de la loi Macron,\u2026","rel":"","context":"Dans &quot;Accueil&quot;","block_context":{"text":"Accueil","link":"https:\/\/cftc-dartyidf.fr\/index.php\/category\/accueil\/"},"img":{"alt_text":"","src":"https:\/\/i0.wp.com\/cftc-dartyidf.fr\/wp-content\/uploads\/2017\/12\/dimcftc.jpg?resize=350%2C200&ssl=1","width":350,"height":200,"srcset":"https:\/\/i0.wp.com\/cftc-dartyidf.fr\/wp-content\/uploads\/2017\/12\/dimcftc.jpg?resize=350%2C200&ssl=1 1x, https:\/\/i0.wp.com\/cftc-dartyidf.fr\/wp-content\/uploads\/2017\/12\/dimcftc.jpg?resize=525%2C300&ssl=1 1.5x"},"classes":[]},{"id":1389,"url":"https:\/\/cftc-dartyidf.fr\/index.php\/2018\/01\/27\/efficience-2\/","url_meta":{"origin":1611,"position":4},"title":"Efficience","author":"webcsfv","date":"27\/01\/2018","format":false,"excerpt":"Qui sommes-nous ? Un service de sant\u00e9 au travail professionnel et r\u00e9actif Tous les collaborateurs d'Efficience Sant\u00e9 au Travail sont mobilis\u00e9s pour r\u00e9pondre rapidement \u00e0 toutes vos demandes. Plus de 11 000 entreprises, de toutes tailles et de tous secteurs d'activit\u00e9, nous confient la sant\u00e9 au travail de 103 000\u2026","rel":"","context":"Dans &quot;Accueil&quot;","block_context":{"text":"Accueil","link":"https:\/\/cftc-dartyidf.fr\/index.php\/category\/accueil\/"},"img":{"alt_text":"","src":"","width":0,"height":0},"classes":[]},{"id":1567,"url":"https:\/\/cftc-dartyidf.fr\/index.php\/2018\/05\/21\/les-5-principaux-facteurs-de-motivation-au-travail\/","url_meta":{"origin":1611,"position":5},"title":"Les 5 principaux facteurs de motivation au travail","author":"webcsfv","date":"21\/05\/2018","format":false,"excerpt":"La motivation des collaborateurs est un facteur d\u00e9terminant pour augmenter la productivit\u00e9 du personnel. En effet, c\u2019est un \u00e9l\u00e9ment cl\u00e9 du succ\u00e8s des entreprises. Cependant, d\u2019une mani\u00e8re g\u00e9n\u00e9rale, les facteurs pr\u00e9dominants dans la motivation au travail d\u00e9pendent de la personne et de l\u2019orientation de cette derni\u00e8re. Explications\u00a0! La motivation aujourd\u2019hui\u00a0:\u2026","rel":"","context":"Dans &quot;Accueil&quot;","block_context":{"text":"Accueil","link":"https:\/\/cftc-dartyidf.fr\/index.php\/category\/accueil\/"},"img":{"alt_text":"","src":"https:\/\/i0.wp.com\/cftc-dartyidf.fr\/wp-content\/uploads\/2018\/05\/motivation.jpg?resize=350%2C200&ssl=1","width":350,"height":200,"srcset":"https:\/\/i0.wp.com\/cftc-dartyidf.fr\/wp-content\/uploads\/2018\/05\/motivation.jpg?resize=350%2C200&ssl=1 1x, https:\/\/i0.wp.com\/cftc-dartyidf.fr\/wp-content\/uploads\/2018\/05\/motivation.jpg?resize=525%2C300&ssl=1 1.5x"},"classes":[]}],"_links":{"self":[{"href":"https:\/\/cftc-dartyidf.fr\/index.php\/wp-json\/wp\/v2\/posts\/1611","targetHints":{"allow":["GET"]}}],"collection":[{"href":"https:\/\/cftc-dartyidf.fr\/index.php\/wp-json\/wp\/v2\/posts"}],"about":[{"href":"https:\/\/cftc-dartyidf.fr\/index.php\/wp-json\/wp\/v2\/types\/post"}],"author":[{"embeddable":true,"href":"https:\/\/cftc-dartyidf.fr\/index.php\/wp-json\/wp\/v2\/users\/1"}],"replies":[{"embeddable":true,"href":"https:\/\/cftc-dartyidf.fr\/index.php\/wp-json\/wp\/v2\/comments?post=1611"}],"version-history":[{"count":1,"href":"https:\/\/cftc-dartyidf.fr\/index.php\/wp-json\/wp\/v2\/posts\/1611\/revisions"}],"predecessor-version":[{"id":1613,"href":"https:\/\/cftc-dartyidf.fr\/index.php\/wp-json\/wp\/v2\/posts\/1611\/revisions\/1613"}],"wp:featuredmedia":[{"embeddable":true,"href":"https:\/\/cftc-dartyidf.fr\/index.php\/wp-json\/wp\/v2\/media\/1612"}],"wp:attachment":[{"href":"https:\/\/cftc-dartyidf.fr\/index.php\/wp-json\/wp\/v2\/media?parent=1611"}],"wp:term":[{"taxonomy":"category","embeddable":true,"href":"https:\/\/cftc-dartyidf.fr\/index.php\/wp-json\/wp\/v2\/categories?post=1611"},{"taxonomy":"post_tag","embeddable":true,"href":"https:\/\/cftc-dartyidf.fr\/index.php\/wp-json\/wp\/v2\/tags?post=1611"}],"curies":[{"name":"wp","href":"https:\/\/api.w.org\/{rel}","templated":true}]}}