{"id":1536,"date":"2018-04-18T01:31:20","date_gmt":"2018-04-17T23:31:20","guid":{"rendered":"https:\/\/cftc-dartyidf.fr\/?p=1536"},"modified":"2018-04-18T01:31:20","modified_gmt":"2018-04-17T23:31:20","slug":"valeurs-de-cftc-video","status":"publish","type":"post","link":"https:\/\/cftc-dartyidf.fr\/index.php\/2018\/04\/18\/valeurs-de-cftc-video\/","title":{"rendered":"Les valeurs de la CFTC en vid\u00e9o"},"content":{"rendered":"<p><span class=\"embed-youtube\" style=\"text-align:center; display: block;\"><iframe loading=\"lazy\" class=\"youtube-player\" width=\"1200\" height=\"675\" src=\"https:\/\/www.youtube.com\/embed\/OE8ggPYI7qI?version=3&#038;rel=1&#038;showsearch=0&#038;showinfo=1&#038;iv_load_policy=1&#038;fs=1&#038;hl=fr-FR&#038;autohide=2&#038;wmode=transparent\" allowfullscreen=\"true\" style=\"border:0;\" sandbox=\"allow-scripts allow-same-origin allow-popups allow-presentation allow-popups-to-escape-sandbox\"><\/iframe><\/span><\/p>\n<h3>Le respect de la dignit\u00e9 de chaque personne<\/h3>\n<p>C\u2019est reconna\u00eetre la dimension sacr\u00e9e de l\u2019\u00eatre humain. La valeur d\u2019un salari\u00e9, actif ou non actif, ne d\u00e9pend ni de sa condition, ni de son \u00e2ge, ni de sa religion, ni de son sexe ni de son niveau hi\u00e9rarchique dans l\u2019entreprise : elle est absolue. Dans l\u2019entreprise, cela se traduit par l\u2019int\u00e9r\u00eat port\u00e9 \u00e0 tous (de l\u2019apprenti au cadre sup\u00e9rieur), par la n\u00e9gociation, par le refus que les personnes soient trait\u00e9es comme des objets, des marchandises ou des machines. Le respect de la dignit\u00e9 nous conduit \u00e0 \u00eatre acteur de la vie de l\u2019entreprise et engendre des droits concrets et implique des devoirs.<\/p>\n<h3>Le Bien commun<\/h3>\n<p>Pour nous, \u00e0 la CFTC, l\u2019entreprise est d\u2019abord une communaut\u00e9 de personnes avant d\u2019\u00eatre un outil \u00e9conomique. Dans cette perspective, la prise en compte du bien commun se traduit par l\u2019int\u00e9r\u00eat que nous portons \u00e0 tous, par la n\u00e9gociation et par le respect de la dignit\u00e9 de chacun. Chaque personne est \u00e0 la fois un travailleur, un parent, un membre associatif, un consommateur, un citoyen, dont il s\u2019agit de concilier les int\u00e9r\u00eats parfois divergents et de favoriser l\u2019\u00e9panouissement. Au m\u00eame titre que le respect de la personne, les ressources naturelles doivent \u00eatre g\u00e9r\u00e9es de mani\u00e8re responsable, dans le respect des g\u00e9n\u00e9rations futures.<\/p>\n<h3>La subsidiarit\u00e9<\/h3>\n<p>Le principe de subsidiarit\u00e9, c\u2019est donner leur pleine libert\u00e9 d\u2019action aux personnes et aux communaut\u00e9s de base ou corps interm\u00e9diaires. Les d\u00e9cisions sont ainsi prises par les personnes ou les groupes directement concern\u00e9s et donc les plus \u00e0 m\u00eames juger du bien-fond\u00e9 de leurs d\u00e9cisions. La subsidiarit\u00e9 est donc le fondement de la d\u00e9centralisation et du dialogue social dans les entreprises, \u00e9tablissements et les secteurs professionnels.<\/p>\n<h3>La fraternit\u00e9<\/h3>\n<p>Nous avons l\u2019exigence d\u2019une justice pour tous avec priorit\u00e9 donn\u00e9e \u00e0 ceux qui ne p\u00e8sent pas lourd dans les rapports de force : les plus faibles et les plus d\u00e9munis. Elle nous engage \u00e0 construire la paix sociale, \u00e0 renouer par des actions concr\u00e8tes, les liens de solidarit\u00e9. Elle favorise des comportements positifs : le d\u00e9vouement, une d\u00e9marche d\u2019action constructive, le souci de v\u00e9rit\u00e9, la confiance, \u00eatre ouvert et rassembleur\u2026<\/p>\n<h3>Un syndicalisme d\u2019inspiration sociale chr\u00e9tienne<\/h3>\n<p>Cette inspiration n\u2019impose pas de pratiques ou de convictions religieuses. Mais est guid\u00e9e par les principes sociaux chr\u00e9tiens, sur lesquels elle s\u2019appuie pour constamment r\u00e9pondre aux enjeux \u00e9conomiques et sociaux. Elle est le fondement d\u2019un monde plus juste et plus humain qui valorise la solidarit\u00e9, la libert\u00e9, la responsabilit\u00e9, la justice sociale, la participation d\u00e9mocratique, l\u2019exigence d\u2019un d\u00e9veloppement durable.<\/p>\n<p>\u00ab La CFTC se r\u00e9clame et s\u2019inspire des principes de la morale sociale chr\u00e9tienne, en toute ind\u00e9pendance politique ou religieuse \u00bb<br \/>\nArticle 1 des statuts de la CFTC.<\/p>\n","protected":false},"excerpt":{"rendered":"<p>Le respect de la dignit\u00e9 de chaque personne C\u2019est reconna\u00eetre la dimension sacr\u00e9e de l\u2019\u00eatre humain. La valeur d\u2019un salari\u00e9, actif ou non actif, ne d\u00e9pend ni de sa condition, &#8230; <a title=\"Les valeurs de la CFTC en vid\u00e9o\" class=\"read-more\" href=\"https:\/\/cftc-dartyidf.fr\/index.php\/2018\/04\/18\/valeurs-de-cftc-video\/\" aria-label=\"En savoir plus sur Les valeurs de la CFTC en vid\u00e9o\">Lire plus<\/a><\/p>\n","protected":false},"author":1,"featured_media":0,"comment_status":"closed","ping_status":"closed","sticky":false,"template":"","format":"standard","meta":{"generate_page_header":"","_price":"","_stock":"","_tribe_ticket_header":"","_tribe_default_ticket_provider":"","_tribe_ticket_capacity":"0","_ticket_start_date":"","_ticket_end_date":"","_tribe_ticket_show_description":"","_tribe_ticket_show_not_going":false,"_tribe_ticket_use_global_stock":"","_tribe_ticket_global_stock_level":"","_global_stock_mode":"","_global_stock_cap":"","_tribe_rsvp_for_event":"","_tribe_ticket_going_count":"","_tribe_ticket_not_going_count":"","_tribe_tickets_list":"[]","_tribe_ticket_has_attendee_info_fields":false,"jetpack_post_was_ever_published":false,"_jetpack_newsletter_access":"","_jetpack_dont_email_post_to_subs":false,"_jetpack_newsletter_tier_id":0,"_jetpack_memberships_contains_paywalled_content":false,"_jetpack_memberships_contains_paid_content":false,"footnotes":"","jetpack_publicize_message":"","jetpack_publicize_feature_enabled":true,"jetpack_social_post_already_shared":true,"jetpack_social_options":{"image_generator_settings":{"template":"highway","default_image_id":0,"font":"","enabled":false},"version":2}},"categories":[1],"tags":[],"class_list":["post-1536","post","type-post","status-publish","format-standard","hentry","category-accueil","generate-columns","tablet-grid-50","mobile-grid-100","grid-parent","grid-50"],"yoast_head":"<!-- This site is optimized with the Yoast SEO plugin v27.5 - https:\/\/yoast.com\/product\/yoast-seo-wordpress\/ -->\n<title>Les valeurs de la CFTC en vid\u00e9o - CFTC-Darty IDF<\/title>\n<meta name=\"robots\" content=\"index, follow, max-snippet:-1, max-image-preview:large, max-video-preview:-1\" \/>\n<link rel=\"canonical\" href=\"https:\/\/cftc-dartyidf.fr\/index.php\/2018\/04\/18\/valeurs-de-cftc-video\/\" \/>\n<meta property=\"og:locale\" content=\"fr_FR\" \/>\n<meta property=\"og:type\" content=\"article\" \/>\n<meta property=\"og:title\" content=\"Les valeurs de la CFTC en vid\u00e9o - CFTC-Darty IDF\" \/>\n<meta property=\"og:description\" content=\"Le respect de la dignit\u00e9 de chaque personne C\u2019est reconna\u00eetre la dimension sacr\u00e9e de l\u2019\u00eatre humain. La valeur d\u2019un salari\u00e9, actif ou non actif, ne d\u00e9pend ni de sa condition, ... Lire plus\" \/>\n<meta property=\"og:url\" content=\"https:\/\/cftc-dartyidf.fr\/index.php\/2018\/04\/18\/valeurs-de-cftc-video\/\" \/>\n<meta property=\"og:site_name\" content=\"CFTC-Darty IDF\" \/>\n<meta property=\"article:published_time\" content=\"2018-04-17T23:31:20+00:00\" \/>\n<meta name=\"author\" content=\"webcsfv\" \/>\n<meta name=\"twitter:card\" content=\"summary_large_image\" \/>\n<meta name=\"twitter:label1\" content=\"\u00c9crit par\" \/>\n\t<meta name=\"twitter:data1\" content=\"webcsfv\" \/>\n\t<meta name=\"twitter:label2\" content=\"Dur\u00e9e de lecture estim\u00e9e\" \/>\n\t<meta name=\"twitter:data2\" content=\"3 minutes\" \/>\n<script type=\"application\/ld+json\" class=\"yoast-schema-graph\">{\"@context\":\"https:\\\/\\\/schema.org\",\"@graph\":[{\"@type\":\"Article\",\"@id\":\"https:\\\/\\\/cftc-dartyidf.fr\\\/index.php\\\/2018\\\/04\\\/18\\\/valeurs-de-cftc-video\\\/#article\",\"isPartOf\":{\"@id\":\"https:\\\/\\\/cftc-dartyidf.fr\\\/index.php\\\/2018\\\/04\\\/18\\\/valeurs-de-cftc-video\\\/\"},\"author\":{\"name\":\"webcsfv\",\"@id\":\"https:\\\/\\\/cftc-dartyidf.fr\\\/#\\\/schema\\\/person\\\/71ee82537a022b7e374bcb7943ef2cd2\"},\"headline\":\"Les valeurs de la CFTC en vid\u00e9o\",\"datePublished\":\"2018-04-17T23:31:20+00:00\",\"mainEntityOfPage\":{\"@id\":\"https:\\\/\\\/cftc-dartyidf.fr\\\/index.php\\\/2018\\\/04\\\/18\\\/valeurs-de-cftc-video\\\/\"},\"wordCount\":516,\"articleSection\":[\"Accueil\"],\"inLanguage\":\"fr-FR\"},{\"@type\":\"WebPage\",\"@id\":\"https:\\\/\\\/cftc-dartyidf.fr\\\/index.php\\\/2018\\\/04\\\/18\\\/valeurs-de-cftc-video\\\/\",\"url\":\"https:\\\/\\\/cftc-dartyidf.fr\\\/index.php\\\/2018\\\/04\\\/18\\\/valeurs-de-cftc-video\\\/\",\"name\":\"Les valeurs de la CFTC en vid\u00e9o - CFTC-Darty IDF\",\"isPartOf\":{\"@id\":\"https:\\\/\\\/cftc-dartyidf.fr\\\/#website\"},\"datePublished\":\"2018-04-17T23:31:20+00:00\",\"author\":{\"@id\":\"https:\\\/\\\/cftc-dartyidf.fr\\\/#\\\/schema\\\/person\\\/71ee82537a022b7e374bcb7943ef2cd2\"},\"breadcrumb\":{\"@id\":\"https:\\\/\\\/cftc-dartyidf.fr\\\/index.php\\\/2018\\\/04\\\/18\\\/valeurs-de-cftc-video\\\/#breadcrumb\"},\"inLanguage\":\"fr-FR\",\"potentialAction\":[{\"@type\":\"ReadAction\",\"target\":[\"https:\\\/\\\/cftc-dartyidf.fr\\\/index.php\\\/2018\\\/04\\\/18\\\/valeurs-de-cftc-video\\\/\"]}]},{\"@type\":\"BreadcrumbList\",\"@id\":\"https:\\\/\\\/cftc-dartyidf.fr\\\/index.php\\\/2018\\\/04\\\/18\\\/valeurs-de-cftc-video\\\/#breadcrumb\",\"itemListElement\":[{\"@type\":\"ListItem\",\"position\":1,\"name\":\"Accueil\",\"item\":\"https:\\\/\\\/cftc-dartyidf.fr\\\/\"},{\"@type\":\"ListItem\",\"position\":2,\"name\":\"Les valeurs de la CFTC en vid\u00e9o\"}]},{\"@type\":\"WebSite\",\"@id\":\"https:\\\/\\\/cftc-dartyidf.fr\\\/#website\",\"url\":\"https:\\\/\\\/cftc-dartyidf.fr\\\/\",\"name\":\"CFTC-Darty IDF\",\"description\":\"Le site de la section syndicale CFTC chez Darty IDF\",\"potentialAction\":[{\"@type\":\"SearchAction\",\"target\":{\"@type\":\"EntryPoint\",\"urlTemplate\":\"https:\\\/\\\/cftc-dartyidf.fr\\\/?s={search_term_string}\"},\"query-input\":{\"@type\":\"PropertyValueSpecification\",\"valueRequired\":true,\"valueName\":\"search_term_string\"}}],\"inLanguage\":\"fr-FR\"},{\"@type\":\"Person\",\"@id\":\"https:\\\/\\\/cftc-dartyidf.fr\\\/#\\\/schema\\\/person\\\/71ee82537a022b7e374bcb7943ef2cd2\",\"name\":\"webcsfv\",\"image\":{\"@type\":\"ImageObject\",\"inLanguage\":\"fr-FR\",\"@id\":\"https:\\\/\\\/secure.gravatar.com\\\/avatar\\\/3d8bf08c8feaca537ce41c2b95cec6c85a8036a1687877b5eb7cb09dcb9b6f06?s=96&d=mm&r=g\",\"url\":\"https:\\\/\\\/secure.gravatar.com\\\/avatar\\\/3d8bf08c8feaca537ce41c2b95cec6c85a8036a1687877b5eb7cb09dcb9b6f06?s=96&d=mm&r=g\",\"contentUrl\":\"https:\\\/\\\/secure.gravatar.com\\\/avatar\\\/3d8bf08c8feaca537ce41c2b95cec6c85a8036a1687877b5eb7cb09dcb9b6f06?s=96&d=mm&r=g\",\"caption\":\"webcsfv\"},\"url\":\"https:\\\/\\\/cftc-dartyidf.fr\\\/index.php\\\/author\\\/webcsfv\\\/\"}]}<\/script>\n<!-- \/ Yoast SEO plugin. -->","yoast_head_json":{"title":"Les valeurs de la CFTC en vid\u00e9o - CFTC-Darty IDF","robots":{"index":"index","follow":"follow","max-snippet":"max-snippet:-1","max-image-preview":"max-image-preview:large","max-video-preview":"max-video-preview:-1"},"canonical":"https:\/\/cftc-dartyidf.fr\/index.php\/2018\/04\/18\/valeurs-de-cftc-video\/","og_locale":"fr_FR","og_type":"article","og_title":"Les valeurs de la CFTC en vid\u00e9o - CFTC-Darty IDF","og_description":"Le respect de la dignit\u00e9 de chaque personne C\u2019est reconna\u00eetre la dimension sacr\u00e9e de l\u2019\u00eatre humain. La valeur d\u2019un salari\u00e9, actif ou non actif, ne d\u00e9pend ni de sa condition, ... Lire plus","og_url":"https:\/\/cftc-dartyidf.fr\/index.php\/2018\/04\/18\/valeurs-de-cftc-video\/","og_site_name":"CFTC-Darty IDF","article_published_time":"2018-04-17T23:31:20+00:00","author":"webcsfv","twitter_card":"summary_large_image","twitter_misc":{"\u00c9crit par":"webcsfv","Dur\u00e9e de lecture estim\u00e9e":"3 minutes"},"schema":{"@context":"https:\/\/schema.org","@graph":[{"@type":"Article","@id":"https:\/\/cftc-dartyidf.fr\/index.php\/2018\/04\/18\/valeurs-de-cftc-video\/#article","isPartOf":{"@id":"https:\/\/cftc-dartyidf.fr\/index.php\/2018\/04\/18\/valeurs-de-cftc-video\/"},"author":{"name":"webcsfv","@id":"https:\/\/cftc-dartyidf.fr\/#\/schema\/person\/71ee82537a022b7e374bcb7943ef2cd2"},"headline":"Les valeurs de la CFTC en vid\u00e9o","datePublished":"2018-04-17T23:31:20+00:00","mainEntityOfPage":{"@id":"https:\/\/cftc-dartyidf.fr\/index.php\/2018\/04\/18\/valeurs-de-cftc-video\/"},"wordCount":516,"articleSection":["Accueil"],"inLanguage":"fr-FR"},{"@type":"WebPage","@id":"https:\/\/cftc-dartyidf.fr\/index.php\/2018\/04\/18\/valeurs-de-cftc-video\/","url":"https:\/\/cftc-dartyidf.fr\/index.php\/2018\/04\/18\/valeurs-de-cftc-video\/","name":"Les valeurs de la CFTC en vid\u00e9o - CFTC-Darty IDF","isPartOf":{"@id":"https:\/\/cftc-dartyidf.fr\/#website"},"datePublished":"2018-04-17T23:31:20+00:00","author":{"@id":"https:\/\/cftc-dartyidf.fr\/#\/schema\/person\/71ee82537a022b7e374bcb7943ef2cd2"},"breadcrumb":{"@id":"https:\/\/cftc-dartyidf.fr\/index.php\/2018\/04\/18\/valeurs-de-cftc-video\/#breadcrumb"},"inLanguage":"fr-FR","potentialAction":[{"@type":"ReadAction","target":["https:\/\/cftc-dartyidf.fr\/index.php\/2018\/04\/18\/valeurs-de-cftc-video\/"]}]},{"@type":"BreadcrumbList","@id":"https:\/\/cftc-dartyidf.fr\/index.php\/2018\/04\/18\/valeurs-de-cftc-video\/#breadcrumb","itemListElement":[{"@type":"ListItem","position":1,"name":"Accueil","item":"https:\/\/cftc-dartyidf.fr\/"},{"@type":"ListItem","position":2,"name":"Les valeurs de la CFTC en vid\u00e9o"}]},{"@type":"WebSite","@id":"https:\/\/cftc-dartyidf.fr\/#website","url":"https:\/\/cftc-dartyidf.fr\/","name":"CFTC-Darty IDF","description":"Le site de la section syndicale CFTC chez Darty IDF","potentialAction":[{"@type":"SearchAction","target":{"@type":"EntryPoint","urlTemplate":"https:\/\/cftc-dartyidf.fr\/?s={search_term_string}"},"query-input":{"@type":"PropertyValueSpecification","valueRequired":true,"valueName":"search_term_string"}}],"inLanguage":"fr-FR"},{"@type":"Person","@id":"https:\/\/cftc-dartyidf.fr\/#\/schema\/person\/71ee82537a022b7e374bcb7943ef2cd2","name":"webcsfv","image":{"@type":"ImageObject","inLanguage":"fr-FR","@id":"https:\/\/secure.gravatar.com\/avatar\/3d8bf08c8feaca537ce41c2b95cec6c85a8036a1687877b5eb7cb09dcb9b6f06?s=96&d=mm&r=g","url":"https:\/\/secure.gravatar.com\/avatar\/3d8bf08c8feaca537ce41c2b95cec6c85a8036a1687877b5eb7cb09dcb9b6f06?s=96&d=mm&r=g","contentUrl":"https:\/\/secure.gravatar.com\/avatar\/3d8bf08c8feaca537ce41c2b95cec6c85a8036a1687877b5eb7cb09dcb9b6f06?s=96&d=mm&r=g","caption":"webcsfv"},"url":"https:\/\/cftc-dartyidf.fr\/index.php\/author\/webcsfv\/"}]}},"jetpack_publicize_connections":[],"jetpack_featured_media_url":"","jetpack_sharing_enabled":true,"jetpack_shortlink":"https:\/\/wp.me\/p8n98f-oM","jetpack-related-posts":[{"id":1713,"url":"https:\/\/cftc-dartyidf.fr\/index.php\/2018\/09\/15\/de-problemes-au-travail-ne-restez-pas-seul\/","url_meta":{"origin":1536,"position":0},"title":"De probl\u00e8mes au travail ? Ne restez pas seul !","author":"webcsfv","date":"15\/09\/2018","format":false,"excerpt":"Pour la CFTC, le travail est un moyen d\u2019\u00e9panouissement et d\u2019accomplissement. Il permet \u00e0 la personne de construire sa vie. Alors, quand, pour des raisons ind\u00e9pendantes de sa volont\u00e9, le salari\u00e9 se rend soudain au travail \u00ab \u00e0 reculons \u00bb, parce que la motivation n\u2019est plus l\u00e0, ou, pire, qu\u2019il\u2026","rel":"","context":"Dans &quot;Accueil&quot;","block_context":{"text":"Accueil","link":"https:\/\/cftc-dartyidf.fr\/index.php\/category\/accueil\/"},"img":{"alt_text":"","src":"https:\/\/i0.wp.com\/cftc-dartyidf.fr\/wp-content\/uploads\/2018\/09\/cftc.png?resize=350%2C200&ssl=1","width":350,"height":200,"srcset":"https:\/\/i0.wp.com\/cftc-dartyidf.fr\/wp-content\/uploads\/2018\/09\/cftc.png?resize=350%2C200&ssl=1 1x, https:\/\/i0.wp.com\/cftc-dartyidf.fr\/wp-content\/uploads\/2018\/09\/cftc.png?resize=525%2C300&ssl=1 1.5x, https:\/\/i0.wp.com\/cftc-dartyidf.fr\/wp-content\/uploads\/2018\/09\/cftc.png?resize=700%2C400&ssl=1 2x, https:\/\/i0.wp.com\/cftc-dartyidf.fr\/wp-content\/uploads\/2018\/09\/cftc.png?resize=1050%2C600&ssl=1 3x"},"classes":[]},{"id":1761,"url":"https:\/\/cftc-dartyidf.fr\/index.php\/2019\/01\/29\/entretien-annuel-devaluation\/","url_meta":{"origin":1536,"position":1},"title":"Entretien annuel d\u2019\u00e9valuation","author":"webcsfv","date":"29\/01\/2019","format":false,"excerpt":"Marquant souvent la fin d\u2019ann\u00e9e, l\u2019entretien annuel d\u2019\u00e9valuation s\u2019est peu \u00e0 peu impos\u00e9 dans le paysage manag\u00e9rial de l'entreprise. Pourtant, il n\u2019est ni obligatoire ni fig\u00e9 dans la m\u00e9thode. D\u00e9cryptage. Ne faites plus l\u2019erreur ! Entretien professionnel et entretien d\u2019\u00e9valuation sont deux choses bien distinctes. Le premier s\u2019inscrit dans une\u2026","rel":"","context":"Dans &quot;Accueil&quot;","block_context":{"text":"Accueil","link":"https:\/\/cftc-dartyidf.fr\/index.php\/category\/accueil\/"},"img":{"alt_text":"","src":"https:\/\/i0.wp.com\/cftc-dartyidf.fr\/wp-content\/uploads\/2019\/01\/cftc1.jpg?resize=350%2C200&ssl=1","width":350,"height":200,"srcset":"https:\/\/i0.wp.com\/cftc-dartyidf.fr\/wp-content\/uploads\/2019\/01\/cftc1.jpg?resize=350%2C200&ssl=1 1x, https:\/\/i0.wp.com\/cftc-dartyidf.fr\/wp-content\/uploads\/2019\/01\/cftc1.jpg?resize=525%2C300&ssl=1 1.5x, https:\/\/i0.wp.com\/cftc-dartyidf.fr\/wp-content\/uploads\/2019\/01\/cftc1.jpg?resize=700%2C400&ssl=1 2x, https:\/\/i0.wp.com\/cftc-dartyidf.fr\/wp-content\/uploads\/2019\/01\/cftc1.jpg?resize=1050%2C600&ssl=1 3x"},"classes":[]},{"id":1383,"url":"https:\/\/cftc-dartyidf.fr\/index.php\/2018\/01\/26\/lutte-contre-harcelement\/","url_meta":{"origin":1536,"position":2},"title":"La lutte contre le harc\u00e8lement","author":"webcsfv","date":"26\/01\/2018","format":false,"excerpt":"HARCELEMENT MORAL Code du travail Article L1152-1 Aucun salari\u00e9 ne doit subir les agissements r\u00e9p\u00e9t\u00e9s de harc\u00e8lement moral qui ont pour objet ou pour effet une d\u00e9gradation de ses conditions de travail susceptible de porter atteinte \u00e0 ses droits et \u00e0 sa dignit\u00e9, d'alt\u00e9rer sa sant\u00e9 physique ou mentale ou\u2026","rel":"","context":"Dans &quot;Accueil&quot;","block_context":{"text":"Accueil","link":"https:\/\/cftc-dartyidf.fr\/index.php\/category\/accueil\/"},"img":{"alt_text":"","src":"https:\/\/i0.wp.com\/cftc-dartyidf.fr\/wp-content\/uploads\/2018\/01\/harcelement.jpg?resize=350%2C200&ssl=1","width":350,"height":200,"srcset":"https:\/\/i0.wp.com\/cftc-dartyidf.fr\/wp-content\/uploads\/2018\/01\/harcelement.jpg?resize=350%2C200&ssl=1 1x, https:\/\/i0.wp.com\/cftc-dartyidf.fr\/wp-content\/uploads\/2018\/01\/harcelement.jpg?resize=525%2C300&ssl=1 1.5x, https:\/\/i0.wp.com\/cftc-dartyidf.fr\/wp-content\/uploads\/2018\/01\/harcelement.jpg?resize=700%2C400&ssl=1 2x, https:\/\/i0.wp.com\/cftc-dartyidf.fr\/wp-content\/uploads\/2018\/01\/harcelement.jpg?resize=1050%2C600&ssl=1 3x"},"classes":[]},{"id":1567,"url":"https:\/\/cftc-dartyidf.fr\/index.php\/2018\/05\/21\/les-5-principaux-facteurs-de-motivation-au-travail\/","url_meta":{"origin":1536,"position":3},"title":"Les 5 principaux facteurs de motivation au travail","author":"webcsfv","date":"21\/05\/2018","format":false,"excerpt":"La motivation des collaborateurs est un facteur d\u00e9terminant pour augmenter la productivit\u00e9 du personnel. En effet, c\u2019est un \u00e9l\u00e9ment cl\u00e9 du succ\u00e8s des entreprises. Cependant, d\u2019une mani\u00e8re g\u00e9n\u00e9rale, les facteurs pr\u00e9dominants dans la motivation au travail d\u00e9pendent de la personne et de l\u2019orientation de cette derni\u00e8re. Explications\u00a0! La motivation aujourd\u2019hui\u00a0:\u2026","rel":"","context":"Dans &quot;Accueil&quot;","block_context":{"text":"Accueil","link":"https:\/\/cftc-dartyidf.fr\/index.php\/category\/accueil\/"},"img":{"alt_text":"","src":"https:\/\/i0.wp.com\/cftc-dartyidf.fr\/wp-content\/uploads\/2018\/05\/motivation.jpg?resize=350%2C200&ssl=1","width":350,"height":200,"srcset":"https:\/\/i0.wp.com\/cftc-dartyidf.fr\/wp-content\/uploads\/2018\/05\/motivation.jpg?resize=350%2C200&ssl=1 1x, https:\/\/i0.wp.com\/cftc-dartyidf.fr\/wp-content\/uploads\/2018\/05\/motivation.jpg?resize=525%2C300&ssl=1 1.5x"},"classes":[]},{"id":1287,"url":"https:\/\/cftc-dartyidf.fr\/index.php\/2017\/12\/06\/non-gel-smic\/","url_meta":{"origin":1536,"position":4},"title":"NON AU GEL DU SMIC !","author":"webcsfv","date":"06\/12\/2017","format":false,"excerpt":"Pantin, 5 d\u00e9cembre 2017 NON AU GEL DU SMIC ! Une nouvelle fois, en remettant son rapport annuel, le groupe d\u2019experts charg\u00e9 de plancher sur le SMIC conseille au gouvernement de ne pas octroyer de coup de pouce au salaire minimum. Une nouvelle fois, la CFTC le regrette, mais comme\u2026","rel":"","context":"Dans &quot;Accueil&quot;","block_context":{"text":"Accueil","link":"https:\/\/cftc-dartyidf.fr\/index.php\/category\/accueil\/"},"img":{"alt_text":"","src":"https:\/\/i0.wp.com\/cftc-dartyidf.fr\/wp-content\/uploads\/2017\/11\/CFTC.png?resize=350%2C200&ssl=1","width":350,"height":200,"srcset":"https:\/\/i0.wp.com\/cftc-dartyidf.fr\/wp-content\/uploads\/2017\/11\/CFTC.png?resize=350%2C200&ssl=1 1x, https:\/\/i0.wp.com\/cftc-dartyidf.fr\/wp-content\/uploads\/2017\/11\/CFTC.png?resize=525%2C300&ssl=1 1.5x, https:\/\/i0.wp.com\/cftc-dartyidf.fr\/wp-content\/uploads\/2017\/11\/CFTC.png?resize=700%2C400&ssl=1 2x, https:\/\/i0.wp.com\/cftc-dartyidf.fr\/wp-content\/uploads\/2017\/11\/CFTC.png?resize=1050%2C600&ssl=1 3x, https:\/\/i0.wp.com\/cftc-dartyidf.fr\/wp-content\/uploads\/2017\/11\/CFTC.png?resize=1400%2C800&ssl=1 4x"},"classes":[]},{"id":1495,"url":"https:\/\/cftc-dartyidf.fr\/index.php\/2018\/03\/26\/entreprise-condamnee-management-peur\/","url_meta":{"origin":1536,"position":5},"title":"Une entreprise condamn\u00e9e pour son  \u00ab Management par la peur \u00bb","author":"webcsfv","date":"26\/03\/2018","format":false,"excerpt":"La Cour de cassation a rendu une s\u00e9rie de sept arr\u00eats \u00e0 propos de plusieurs salari\u00e9s d\u2019un supermarch\u00e9 qui avaient d\u00e9missionn\u00e9 suite \u00e0 des m\u00e9thodes de management visant \u00e0 les pousser \u00e0 bout. Les t\u00e9moignages des salari\u00e9s ainsi qu\u2019un rapport de l\u2019inspection du travail ont en effet r\u00e9v\u00e9l\u00e9 qu\u2019avait \u00e9t\u00e9\u2026","rel":"","context":"Dans &quot;Accueil&quot;","block_context":{"text":"Accueil","link":"https:\/\/cftc-dartyidf.fr\/index.php\/category\/accueil\/"},"img":{"alt_text":"","src":"https:\/\/i0.wp.com\/cftc-dartyidf.fr\/wp-content\/uploads\/2018\/03\/souffrance.jpg?resize=350%2C200&ssl=1","width":350,"height":200},"classes":[]}],"_links":{"self":[{"href":"https:\/\/cftc-dartyidf.fr\/index.php\/wp-json\/wp\/v2\/posts\/1536","targetHints":{"allow":["GET"]}}],"collection":[{"href":"https:\/\/cftc-dartyidf.fr\/index.php\/wp-json\/wp\/v2\/posts"}],"about":[{"href":"https:\/\/cftc-dartyidf.fr\/index.php\/wp-json\/wp\/v2\/types\/post"}],"author":[{"embeddable":true,"href":"https:\/\/cftc-dartyidf.fr\/index.php\/wp-json\/wp\/v2\/users\/1"}],"replies":[{"embeddable":true,"href":"https:\/\/cftc-dartyidf.fr\/index.php\/wp-json\/wp\/v2\/comments?post=1536"}],"version-history":[{"count":1,"href":"https:\/\/cftc-dartyidf.fr\/index.php\/wp-json\/wp\/v2\/posts\/1536\/revisions"}],"predecessor-version":[{"id":1537,"href":"https:\/\/cftc-dartyidf.fr\/index.php\/wp-json\/wp\/v2\/posts\/1536\/revisions\/1537"}],"wp:attachment":[{"href":"https:\/\/cftc-dartyidf.fr\/index.php\/wp-json\/wp\/v2\/media?parent=1536"}],"wp:term":[{"taxonomy":"category","embeddable":true,"href":"https:\/\/cftc-dartyidf.fr\/index.php\/wp-json\/wp\/v2\/categories?post=1536"},{"taxonomy":"post_tag","embeddable":true,"href":"https:\/\/cftc-dartyidf.fr\/index.php\/wp-json\/wp\/v2\/tags?post=1536"}],"curies":[{"name":"wp","href":"https:\/\/api.w.org\/{rel}","templated":true}]}}