{"id":1531,"date":"2018-04-06T13:57:25","date_gmt":"2018-04-06T11:57:25","guid":{"rendered":"https:\/\/cftc-dartyidf.fr\/?p=1531"},"modified":"2018-04-06T13:57:25","modified_gmt":"2018-04-06T11:57:25","slug":"informations-comite-dentreprise-extraordinaire","status":"publish","type":"post","link":"https:\/\/cftc-dartyidf.fr\/index.php\/2018\/04\/06\/informations-comite-dentreprise-extraordinaire\/","title":{"rendered":"Informations Comit\u00e9 d&#8217;Entreprise Extraordinaire"},"content":{"rendered":"<div class=\"_h8t\">\n<div class=\"_5wd9 direction_ltr\">\n<div class=\"_5wde _n4o\">\n<div class=\"_5w1r _3_om _5wdf\">\n<div class=\"_4gx_\">\n<div class=\"_d97\"><span class=\"_5yl5\" style=\"font-size: 14pt;\">Bonjour \u00e0 tous.<\/span><\/div>\n<div><\/div>\n<div class=\"_d97\"><span class=\"_5yl5\" style=\"font-size: 14pt;\">Information de l\u2019\u00e9quipe CFTC suite au CE extraordinaire de ce matin Fermeture de 5 services<\/span><\/div>\n<div class=\"_d97\"><span class=\"_5yl5\" style=\"font-size: 14pt;\"> CRC, THD, A2I, ATT, Bezons et ATT bercy <\/span><\/div>\n<div><\/div>\n<div class=\"_d97\"><span class=\"_5yl5\" style=\"font-size: 14pt;\">128 postes<\/span><\/div>\n<div><\/div>\n<div class=\"_d97\"><span class=\"_5yl5\" style=\"font-size: 14pt;\"> THD Bezons 5 postes <\/span><\/div>\n<div class=\"_d97\"><span class=\"_5yl5\" style=\"font-size: 14pt;\">MITRY 5 postes <\/span><\/div>\n<div class=\"_d97\"><span class=\"_5yl5\" style=\"font-size: 14pt;\">Sucy 10 postes<\/span><\/div>\n<div class=\"_d97\"><span class=\"_5yl5\" style=\"font-size: 14pt;\"> Morsang 10 postes<\/span><\/div>\n<div class=\"_d97\"><span style=\"font-size: 14pt;\"><span class=\"_5yl5\"> A2I Bezons 3<\/span><span class=\"_5yl5\"> postes <\/span><\/span><\/div>\n<div class=\"_d97\"><span class=\"_5yl5\" style=\"font-size: 14pt;\">Morsang. 2 postes <\/span><\/div>\n<div class=\"_d97\"><span class=\"_5yl5\" style=\"font-size: 14pt;\">MITRY. 1 postes <\/span><\/div>\n<div class=\"_d97\"><span class=\"_5yl5\" style=\"font-size: 14pt;\">Sucy. 2 postes <\/span><\/div>\n<div class=\"_d97\"><span class=\"_5yl5\" style=\"font-size: 14pt;\">CRC. 15 postes <\/span><\/div>\n<div class=\"_d97\"><span style=\"font-size: 14pt;\"><span class=\"_5yl5\">Att Bezons. <\/span><span class=\"_5yl5\">42 postes <\/span><\/span><\/div>\n<div class=\"_d97\"><span class=\"_5yl5\" style=\"font-size: 14pt;\">Att Bercy 33 postes <\/span><\/div>\n<div><\/div>\n<div class=\"_d97\"><span class=\"_5yl5\" style=\"font-size: 14pt;\">Un PDV sera ouvert au m\u00eame condition que le Mcp ( toujours n\u00e9gociable)<\/span><\/div>\n<div class=\"_d97\"><span class=\"_5yl5\" style=\"font-size: 14pt;\"> Prochain CE extraordinaire pour ce sujet Mardi 10 avril.<\/span><\/div>\n<div class=\"_d97\"><span class=\"_5yl5\" style=\"font-size: 14pt;\"> Ce ne sont que les informations donn\u00e9es par la direction nous sommes toujours en n\u00e9gociation nous vous tiendrons au courant <\/span><\/div>\n<div><\/div>\n<div class=\"_d97\"><em><span class=\"_5yl5\" style=\"font-size: 14pt;\">L\u2019\u00e9quipe CFTC<\/span><\/em><\/div>\n<\/div>\n<\/div>\n<\/div>\n<\/div>\n<\/div>\n","protected":false},"excerpt":{"rendered":"<p>Bonjour \u00e0 tous. Information de l\u2019\u00e9quipe CFTC suite au CE extraordinaire de ce matin Fermeture de 5 services CRC, THD, A2I, ATT, Bezons et ATT bercy 128 postes THD Bezons &#8230; <a title=\"Informations Comit\u00e9 d&#8217;Entreprise Extraordinaire\" class=\"read-more\" href=\"https:\/\/cftc-dartyidf.fr\/index.php\/2018\/04\/06\/informations-comite-dentreprise-extraordinaire\/\" aria-label=\"En savoir plus sur Informations Comit\u00e9 d&#8217;Entreprise Extraordinaire\">Lire plus<\/a><\/p>\n","protected":false},"author":1,"featured_media":1532,"comment_status":"closed","ping_status":"closed","sticky":false,"template":"","format":"standard","meta":{"generate_page_header":"","_price":"","_stock":"","_tribe_ticket_header":"","_tribe_default_ticket_provider":"","_tribe_ticket_capacity":"0","_ticket_start_date":"","_ticket_end_date":"","_tribe_ticket_show_description":"","_tribe_ticket_show_not_going":false,"_tribe_ticket_use_global_stock":"","_tribe_ticket_global_stock_level":"","_global_stock_mode":"","_global_stock_cap":"","_tribe_rsvp_for_event":"","_tribe_ticket_going_count":"","_tribe_ticket_not_going_count":"","_tribe_tickets_list":"[]","_tribe_ticket_has_attendee_info_fields":false,"jetpack_post_was_ever_published":false,"_jetpack_newsletter_access":"","_jetpack_dont_email_post_to_subs":false,"_jetpack_newsletter_tier_id":0,"_jetpack_memberships_contains_paywalled_content":false,"_jetpack_memberships_contains_paid_content":false,"footnotes":"","jetpack_publicize_message":"","jetpack_publicize_feature_enabled":true,"jetpack_social_post_already_shared":true,"jetpack_social_options":{"image_generator_settings":{"template":"highway","default_image_id":0,"font":"","enabled":false},"version":2}},"categories":[1],"tags":[],"class_list":["post-1531","post","type-post","status-publish","format-standard","has-post-thumbnail","hentry","category-accueil","generate-columns","tablet-grid-50","mobile-grid-100","grid-parent","grid-50","resize-featured-image"],"yoast_head":"<!-- This site is optimized with the Yoast SEO plugin v27.5 - https:\/\/yoast.com\/product\/yoast-seo-wordpress\/ -->\n<title>Informations Comit\u00e9 d&#039;Entreprise Extraordinaire - CFTC-Darty IDF<\/title>\n<meta name=\"robots\" content=\"index, follow, max-snippet:-1, max-image-preview:large, max-video-preview:-1\" \/>\n<link rel=\"canonical\" href=\"https:\/\/cftc-dartyidf.fr\/index.php\/2018\/04\/06\/informations-comite-dentreprise-extraordinaire\/\" \/>\n<meta property=\"og:locale\" content=\"fr_FR\" \/>\n<meta property=\"og:type\" content=\"article\" \/>\n<meta property=\"og:title\" content=\"Informations Comit\u00e9 d&#039;Entreprise Extraordinaire - CFTC-Darty IDF\" \/>\n<meta property=\"og:description\" content=\"Bonjour \u00e0 tous. Information de l\u2019\u00e9quipe CFTC suite au CE extraordinaire de ce matin Fermeture de 5 services CRC, THD, A2I, ATT, Bezons et ATT bercy 128 postes THD Bezons ... Lire plus\" \/>\n<meta property=\"og:url\" content=\"https:\/\/cftc-dartyidf.fr\/index.php\/2018\/04\/06\/informations-comite-dentreprise-extraordinaire\/\" \/>\n<meta property=\"og:site_name\" content=\"CFTC-Darty IDF\" \/>\n<meta property=\"article:published_time\" content=\"2018-04-06T11:57:25+00:00\" \/>\n<meta property=\"og:image\" content=\"https:\/\/cftc-dartyidf.fr\/wp-content\/uploads\/2018\/04\/nego.jpg\" \/>\n\t<meta property=\"og:image:width\" content=\"300\" \/>\n\t<meta property=\"og:image:height\" content=\"167\" \/>\n\t<meta property=\"og:image:type\" content=\"image\/jpeg\" \/>\n<meta name=\"author\" content=\"webcsfv\" \/>\n<meta name=\"twitter:card\" content=\"summary_large_image\" \/>\n<meta name=\"twitter:label1\" content=\"\u00c9crit par\" \/>\n\t<meta name=\"twitter:data1\" content=\"webcsfv\" \/>\n\t<meta name=\"twitter:label2\" content=\"Dur\u00e9e de lecture estim\u00e9e\" \/>\n\t<meta name=\"twitter:data2\" content=\"1 minute\" \/>\n<script type=\"application\/ld+json\" class=\"yoast-schema-graph\">{\"@context\":\"https:\\\/\\\/schema.org\",\"@graph\":[{\"@type\":\"Article\",\"@id\":\"https:\\\/\\\/cftc-dartyidf.fr\\\/index.php\\\/2018\\\/04\\\/06\\\/informations-comite-dentreprise-extraordinaire\\\/#article\",\"isPartOf\":{\"@id\":\"https:\\\/\\\/cftc-dartyidf.fr\\\/index.php\\\/2018\\\/04\\\/06\\\/informations-comite-dentreprise-extraordinaire\\\/\"},\"author\":{\"name\":\"webcsfv\",\"@id\":\"https:\\\/\\\/cftc-dartyidf.fr\\\/#\\\/schema\\\/person\\\/71ee82537a022b7e374bcb7943ef2cd2\"},\"headline\":\"Informations Comit\u00e9 d&#8217;Entreprise Extraordinaire\",\"datePublished\":\"2018-04-06T11:57:25+00:00\",\"mainEntityOfPage\":{\"@id\":\"https:\\\/\\\/cftc-dartyidf.fr\\\/index.php\\\/2018\\\/04\\\/06\\\/informations-comite-dentreprise-extraordinaire\\\/\"},\"wordCount\":105,\"image\":{\"@id\":\"https:\\\/\\\/cftc-dartyidf.fr\\\/index.php\\\/2018\\\/04\\\/06\\\/informations-comite-dentreprise-extraordinaire\\\/#primaryimage\"},\"thumbnailUrl\":\"https:\\\/\\\/cftc-dartyidf.fr\\\/wp-content\\\/uploads\\\/2018\\\/04\\\/nego.jpg\",\"articleSection\":[\"Accueil\"],\"inLanguage\":\"fr-FR\"},{\"@type\":\"WebPage\",\"@id\":\"https:\\\/\\\/cftc-dartyidf.fr\\\/index.php\\\/2018\\\/04\\\/06\\\/informations-comite-dentreprise-extraordinaire\\\/\",\"url\":\"https:\\\/\\\/cftc-dartyidf.fr\\\/index.php\\\/2018\\\/04\\\/06\\\/informations-comite-dentreprise-extraordinaire\\\/\",\"name\":\"Informations Comit\u00e9 d'Entreprise Extraordinaire - CFTC-Darty IDF\",\"isPartOf\":{\"@id\":\"https:\\\/\\\/cftc-dartyidf.fr\\\/#website\"},\"primaryImageOfPage\":{\"@id\":\"https:\\\/\\\/cftc-dartyidf.fr\\\/index.php\\\/2018\\\/04\\\/06\\\/informations-comite-dentreprise-extraordinaire\\\/#primaryimage\"},\"image\":{\"@id\":\"https:\\\/\\\/cftc-dartyidf.fr\\\/index.php\\\/2018\\\/04\\\/06\\\/informations-comite-dentreprise-extraordinaire\\\/#primaryimage\"},\"thumbnailUrl\":\"https:\\\/\\\/cftc-dartyidf.fr\\\/wp-content\\\/uploads\\\/2018\\\/04\\\/nego.jpg\",\"datePublished\":\"2018-04-06T11:57:25+00:00\",\"author\":{\"@id\":\"https:\\\/\\\/cftc-dartyidf.fr\\\/#\\\/schema\\\/person\\\/71ee82537a022b7e374bcb7943ef2cd2\"},\"breadcrumb\":{\"@id\":\"https:\\\/\\\/cftc-dartyidf.fr\\\/index.php\\\/2018\\\/04\\\/06\\\/informations-comite-dentreprise-extraordinaire\\\/#breadcrumb\"},\"inLanguage\":\"fr-FR\",\"potentialAction\":[{\"@type\":\"ReadAction\",\"target\":[\"https:\\\/\\\/cftc-dartyidf.fr\\\/index.php\\\/2018\\\/04\\\/06\\\/informations-comite-dentreprise-extraordinaire\\\/\"]}]},{\"@type\":\"ImageObject\",\"inLanguage\":\"fr-FR\",\"@id\":\"https:\\\/\\\/cftc-dartyidf.fr\\\/index.php\\\/2018\\\/04\\\/06\\\/informations-comite-dentreprise-extraordinaire\\\/#primaryimage\",\"url\":\"https:\\\/\\\/cftc-dartyidf.fr\\\/wp-content\\\/uploads\\\/2018\\\/04\\\/nego.jpg\",\"contentUrl\":\"https:\\\/\\\/cftc-dartyidf.fr\\\/wp-content\\\/uploads\\\/2018\\\/04\\\/nego.jpg\",\"width\":300,\"height\":167},{\"@type\":\"BreadcrumbList\",\"@id\":\"https:\\\/\\\/cftc-dartyidf.fr\\\/index.php\\\/2018\\\/04\\\/06\\\/informations-comite-dentreprise-extraordinaire\\\/#breadcrumb\",\"itemListElement\":[{\"@type\":\"ListItem\",\"position\":1,\"name\":\"Accueil\",\"item\":\"https:\\\/\\\/cftc-dartyidf.fr\\\/\"},{\"@type\":\"ListItem\",\"position\":2,\"name\":\"Informations Comit\u00e9 d&#8217;Entreprise Extraordinaire\"}]},{\"@type\":\"WebSite\",\"@id\":\"https:\\\/\\\/cftc-dartyidf.fr\\\/#website\",\"url\":\"https:\\\/\\\/cftc-dartyidf.fr\\\/\",\"name\":\"CFTC-Darty IDF\",\"description\":\"Le site de la section syndicale CFTC chez Darty IDF\",\"potentialAction\":[{\"@type\":\"SearchAction\",\"target\":{\"@type\":\"EntryPoint\",\"urlTemplate\":\"https:\\\/\\\/cftc-dartyidf.fr\\\/?s={search_term_string}\"},\"query-input\":{\"@type\":\"PropertyValueSpecification\",\"valueRequired\":true,\"valueName\":\"search_term_string\"}}],\"inLanguage\":\"fr-FR\"},{\"@type\":\"Person\",\"@id\":\"https:\\\/\\\/cftc-dartyidf.fr\\\/#\\\/schema\\\/person\\\/71ee82537a022b7e374bcb7943ef2cd2\",\"name\":\"webcsfv\",\"image\":{\"@type\":\"ImageObject\",\"inLanguage\":\"fr-FR\",\"@id\":\"https:\\\/\\\/secure.gravatar.com\\\/avatar\\\/3d8bf08c8feaca537ce41c2b95cec6c85a8036a1687877b5eb7cb09dcb9b6f06?s=96&d=mm&r=g\",\"url\":\"https:\\\/\\\/secure.gravatar.com\\\/avatar\\\/3d8bf08c8feaca537ce41c2b95cec6c85a8036a1687877b5eb7cb09dcb9b6f06?s=96&d=mm&r=g\",\"contentUrl\":\"https:\\\/\\\/secure.gravatar.com\\\/avatar\\\/3d8bf08c8feaca537ce41c2b95cec6c85a8036a1687877b5eb7cb09dcb9b6f06?s=96&d=mm&r=g\",\"caption\":\"webcsfv\"},\"url\":\"https:\\\/\\\/cftc-dartyidf.fr\\\/index.php\\\/author\\\/webcsfv\\\/\"}]}<\/script>\n<!-- \/ Yoast SEO plugin. -->","yoast_head_json":{"title":"Informations Comit\u00e9 d'Entreprise Extraordinaire - CFTC-Darty IDF","robots":{"index":"index","follow":"follow","max-snippet":"max-snippet:-1","max-image-preview":"max-image-preview:large","max-video-preview":"max-video-preview:-1"},"canonical":"https:\/\/cftc-dartyidf.fr\/index.php\/2018\/04\/06\/informations-comite-dentreprise-extraordinaire\/","og_locale":"fr_FR","og_type":"article","og_title":"Informations Comit\u00e9 d'Entreprise Extraordinaire - CFTC-Darty IDF","og_description":"Bonjour \u00e0 tous. Information de l\u2019\u00e9quipe CFTC suite au CE extraordinaire de ce matin Fermeture de 5 services CRC, THD, A2I, ATT, Bezons et ATT bercy 128 postes THD Bezons ... Lire plus","og_url":"https:\/\/cftc-dartyidf.fr\/index.php\/2018\/04\/06\/informations-comite-dentreprise-extraordinaire\/","og_site_name":"CFTC-Darty IDF","article_published_time":"2018-04-06T11:57:25+00:00","og_image":[{"width":300,"height":167,"url":"https:\/\/cftc-dartyidf.fr\/wp-content\/uploads\/2018\/04\/nego.jpg","type":"image\/jpeg"}],"author":"webcsfv","twitter_card":"summary_large_image","twitter_misc":{"\u00c9crit par":"webcsfv","Dur\u00e9e de lecture estim\u00e9e":"1 minute"},"schema":{"@context":"https:\/\/schema.org","@graph":[{"@type":"Article","@id":"https:\/\/cftc-dartyidf.fr\/index.php\/2018\/04\/06\/informations-comite-dentreprise-extraordinaire\/#article","isPartOf":{"@id":"https:\/\/cftc-dartyidf.fr\/index.php\/2018\/04\/06\/informations-comite-dentreprise-extraordinaire\/"},"author":{"name":"webcsfv","@id":"https:\/\/cftc-dartyidf.fr\/#\/schema\/person\/71ee82537a022b7e374bcb7943ef2cd2"},"headline":"Informations Comit\u00e9 d&#8217;Entreprise Extraordinaire","datePublished":"2018-04-06T11:57:25+00:00","mainEntityOfPage":{"@id":"https:\/\/cftc-dartyidf.fr\/index.php\/2018\/04\/06\/informations-comite-dentreprise-extraordinaire\/"},"wordCount":105,"image":{"@id":"https:\/\/cftc-dartyidf.fr\/index.php\/2018\/04\/06\/informations-comite-dentreprise-extraordinaire\/#primaryimage"},"thumbnailUrl":"https:\/\/cftc-dartyidf.fr\/wp-content\/uploads\/2018\/04\/nego.jpg","articleSection":["Accueil"],"inLanguage":"fr-FR"},{"@type":"WebPage","@id":"https:\/\/cftc-dartyidf.fr\/index.php\/2018\/04\/06\/informations-comite-dentreprise-extraordinaire\/","url":"https:\/\/cftc-dartyidf.fr\/index.php\/2018\/04\/06\/informations-comite-dentreprise-extraordinaire\/","name":"Informations Comit\u00e9 d'Entreprise Extraordinaire - CFTC-Darty IDF","isPartOf":{"@id":"https:\/\/cftc-dartyidf.fr\/#website"},"primaryImageOfPage":{"@id":"https:\/\/cftc-dartyidf.fr\/index.php\/2018\/04\/06\/informations-comite-dentreprise-extraordinaire\/#primaryimage"},"image":{"@id":"https:\/\/cftc-dartyidf.fr\/index.php\/2018\/04\/06\/informations-comite-dentreprise-extraordinaire\/#primaryimage"},"thumbnailUrl":"https:\/\/cftc-dartyidf.fr\/wp-content\/uploads\/2018\/04\/nego.jpg","datePublished":"2018-04-06T11:57:25+00:00","author":{"@id":"https:\/\/cftc-dartyidf.fr\/#\/schema\/person\/71ee82537a022b7e374bcb7943ef2cd2"},"breadcrumb":{"@id":"https:\/\/cftc-dartyidf.fr\/index.php\/2018\/04\/06\/informations-comite-dentreprise-extraordinaire\/#breadcrumb"},"inLanguage":"fr-FR","potentialAction":[{"@type":"ReadAction","target":["https:\/\/cftc-dartyidf.fr\/index.php\/2018\/04\/06\/informations-comite-dentreprise-extraordinaire\/"]}]},{"@type":"ImageObject","inLanguage":"fr-FR","@id":"https:\/\/cftc-dartyidf.fr\/index.php\/2018\/04\/06\/informations-comite-dentreprise-extraordinaire\/#primaryimage","url":"https:\/\/cftc-dartyidf.fr\/wp-content\/uploads\/2018\/04\/nego.jpg","contentUrl":"https:\/\/cftc-dartyidf.fr\/wp-content\/uploads\/2018\/04\/nego.jpg","width":300,"height":167},{"@type":"BreadcrumbList","@id":"https:\/\/cftc-dartyidf.fr\/index.php\/2018\/04\/06\/informations-comite-dentreprise-extraordinaire\/#breadcrumb","itemListElement":[{"@type":"ListItem","position":1,"name":"Accueil","item":"https:\/\/cftc-dartyidf.fr\/"},{"@type":"ListItem","position":2,"name":"Informations Comit\u00e9 d&#8217;Entreprise Extraordinaire"}]},{"@type":"WebSite","@id":"https:\/\/cftc-dartyidf.fr\/#website","url":"https:\/\/cftc-dartyidf.fr\/","name":"CFTC-Darty IDF","description":"Le site de la section syndicale CFTC chez Darty IDF","potentialAction":[{"@type":"SearchAction","target":{"@type":"EntryPoint","urlTemplate":"https:\/\/cftc-dartyidf.fr\/?s={search_term_string}"},"query-input":{"@type":"PropertyValueSpecification","valueRequired":true,"valueName":"search_term_string"}}],"inLanguage":"fr-FR"},{"@type":"Person","@id":"https:\/\/cftc-dartyidf.fr\/#\/schema\/person\/71ee82537a022b7e374bcb7943ef2cd2","name":"webcsfv","image":{"@type":"ImageObject","inLanguage":"fr-FR","@id":"https:\/\/secure.gravatar.com\/avatar\/3d8bf08c8feaca537ce41c2b95cec6c85a8036a1687877b5eb7cb09dcb9b6f06?s=96&d=mm&r=g","url":"https:\/\/secure.gravatar.com\/avatar\/3d8bf08c8feaca537ce41c2b95cec6c85a8036a1687877b5eb7cb09dcb9b6f06?s=96&d=mm&r=g","contentUrl":"https:\/\/secure.gravatar.com\/avatar\/3d8bf08c8feaca537ce41c2b95cec6c85a8036a1687877b5eb7cb09dcb9b6f06?s=96&d=mm&r=g","caption":"webcsfv"},"url":"https:\/\/cftc-dartyidf.fr\/index.php\/author\/webcsfv\/"}]}},"jetpack_publicize_connections":[],"jetpack_featured_media_url":"https:\/\/cftc-dartyidf.fr\/wp-content\/uploads\/2018\/04\/nego.jpg","jetpack_sharing_enabled":true,"jetpack_shortlink":"https:\/\/wp.me\/p8n98f-oH","jetpack-related-posts":[{"id":123,"url":"https:\/\/cftc-dartyidf.fr\/index.php\/2016\/11\/09\/mutualisation-offre-demploi-darty-fnac\/","url_meta":{"origin":1531,"position":0},"title":"Mutualisation offres d&#8217;emploi Darty et Fnac","author":"webcsfv","date":"09\/11\/2016","format":false,"excerpt":"Darty et Fnac viennent de mutualiser leurs offres d'emploi afin de permettre de g\u00e9n\u00e9rer plus d'opportunit\u00e9s pour les collaborateurs des deux enseignes. En effet, depuis le 03 novembre les postes \u00e0 pourvoir sont ouverts \u00e0 l'ensemble des salari\u00e9s Darty Fnac et pour y acc\u00e9der ces derniers peuvent toujours utiliser les\u2026","rel":"","context":"Dans &quot;Revue de presse&quot;","block_context":{"text":"Revue de presse","link":"https:\/\/cftc-dartyidf.fr\/index.php\/category\/actualite\/"},"img":{"alt_text":"","src":"https:\/\/i0.wp.com\/cftc-dartyidf.fr\/wp-content\/uploads\/2016\/11\/offre-emploi.jpg?resize=350%2C200&ssl=1","width":350,"height":200},"classes":[]},{"id":1291,"url":"https:\/\/cftc-dartyidf.fr\/index.php\/2017\/12\/10\/enrique-martinez-fnac-darty-carrefour-allons-etre-plus-puissants\/","url_meta":{"origin":1531,"position":1},"title":"Enrique Martinez (Fnac Darty) : &#8220;Avec Carrefour, nous allons \u00eatre encore plus puissants&#8221;","author":"webcsfv","date":"10\/12\/2017","format":false,"excerpt":"Enrique Martinez, directeur g\u00e9n\u00e9ral de Fnac Darty, \u00e9tait L'invit\u00e9 de l'interview \u00e9co mardi pour \u00e9voquer l'alliance sign\u00e9e avec le groupe Carrefour. Ils n\u00e9gocieront ensemble l'achat de leurs produits \u00e9lectrom\u00e9nagers et \u00e9lectroniques grand public en France. Les groupes Fnac Darty et Carrefour ont sign\u00e9 mardi 5 d\u00e9cembre une alliance pour n\u00e9gocier\u2026","rel":"","context":"Dans &quot;Accueil&quot;","block_context":{"text":"Accueil","link":"https:\/\/cftc-dartyidf.fr\/index.php\/category\/accueil\/"},"img":{"alt_text":"","src":"","width":0,"height":0},"classes":[]},{"id":1562,"url":"https:\/\/cftc-dartyidf.fr\/index.php\/2018\/05\/21\/inaptitude-au-travail-procedure-et-droits-du-salarie\/","url_meta":{"origin":1531,"position":2},"title":"Inaptitude au travail : proc\u00e9dure et droits du salari\u00e9","author":"webcsfv","date":"21\/05\/2018","format":false,"excerpt":"Un salari\u00e9 confront\u00e9 \u00e0 une maladie ou \u00e0 un accident ne peut \u00eatre d\u00e9clar\u00e9 inapte au poste de travail qu'apr\u00e8s une visite m\u00e9dicale effectu\u00e9e par le m\u00e9decin du travail. A l'issue de cette visite m\u00e9dicale, l'employeur doit respecter une proc\u00e9dure particuli\u00e8re qui peut notamment aboutir \u00e0 un licenciement pour inaptitude\u2026","rel":"","context":"Dans &quot;Accueil&quot;","block_context":{"text":"Accueil","link":"https:\/\/cftc-dartyidf.fr\/index.php\/category\/accueil\/"},"img":{"alt_text":"","src":"https:\/\/i0.wp.com\/cftc-dartyidf.fr\/wp-content\/uploads\/2018\/05\/inaptitude.jpg?resize=350%2C200&ssl=1","width":350,"height":200,"srcset":"https:\/\/i0.wp.com\/cftc-dartyidf.fr\/wp-content\/uploads\/2018\/05\/inaptitude.jpg?resize=350%2C200&ssl=1 1x, https:\/\/i0.wp.com\/cftc-dartyidf.fr\/wp-content\/uploads\/2018\/05\/inaptitude.jpg?resize=525%2C300&ssl=1 1.5x"},"classes":[]},{"id":1611,"url":"https:\/\/cftc-dartyidf.fr\/index.php\/2018\/06\/21\/qvt-ou-en-est-on-de-la-creation-dun-comite-de-suivi\/","url_meta":{"origin":1531,"position":3},"title":"QVT : O\u00f9 en est-on de la cr\u00e9ation d&#8217;un comit\u00e9 de suivi ?","author":"webcsfv","date":"21\/06\/2018","format":false,"excerpt":"Pour la CFTC la qualit\u00e9 de vie au travail (QVT) figure parmi les attentes fortes des salari\u00e9s et constitue un levier de performance pour les entreprises. Toutefois, la QVT est un sujet large, pas toujours bien compris des acteurs. Les accords \u00ab qualit\u00e9 de vie au travail \u00bb qui ont\u2026","rel":"","context":"Dans &quot;Accueil&quot;","block_context":{"text":"Accueil","link":"https:\/\/cftc-dartyidf.fr\/index.php\/category\/accueil\/"},"img":{"alt_text":"","src":"https:\/\/i0.wp.com\/cftc-dartyidf.fr\/wp-content\/uploads\/2018\/06\/semaine-de-la-qvt.jpg?resize=350%2C200&ssl=1","width":350,"height":200,"srcset":"https:\/\/i0.wp.com\/cftc-dartyidf.fr\/wp-content\/uploads\/2018\/06\/semaine-de-la-qvt.jpg?resize=350%2C200&ssl=1 1x, https:\/\/i0.wp.com\/cftc-dartyidf.fr\/wp-content\/uploads\/2018\/06\/semaine-de-la-qvt.jpg?resize=525%2C300&ssl=1 1.5x, https:\/\/i0.wp.com\/cftc-dartyidf.fr\/wp-content\/uploads\/2018\/06\/semaine-de-la-qvt.jpg?resize=700%2C400&ssl=1 2x, https:\/\/i0.wp.com\/cftc-dartyidf.fr\/wp-content\/uploads\/2018\/06\/semaine-de-la-qvt.jpg?resize=1050%2C600&ssl=1 3x"},"classes":[]},{"id":1538,"url":"https:\/\/cftc-dartyidf.fr\/index.php\/2018\/04\/18\/deuxieme-journee-de-solidarite-quon-arrete-de-bassiner-de-mentir\/","url_meta":{"origin":1531,"position":4},"title":"Deuxi\u00e8me journ\u00e9e de solidarit\u00e9: &#8220;Qu\u2019on arr\u00eate de nous bassiner et de nous mentir!&#8221;","author":"webcsfv","date":"18\/04\/2018","format":false,"excerpt":"Joseph Thouvenel, vice-pr\u00e9sident de la CFTC, invit\u00e9 de la matinale de Jean-Jacques Bourdin ce mardi 17 avril, s\u2019est fermement oppos\u00e9 \u00e0 la piste \u00e9voqu\u00e9e par Emmanuel Macron d\u2019instaurer une seconde journ\u00e9e de solidarit\u00e9. Face au \"choc d\u00e9mographique\" du vieillissement, Emmanuel Macron s'est engag\u00e9 lors de son interview sur RMC, BFMTV\u2026","rel":"","context":"Dans &quot;Accueil&quot;","block_context":{"text":"Accueil","link":"https:\/\/cftc-dartyidf.fr\/index.php\/category\/accueil\/"},"img":{"alt_text":"","src":"","width":0,"height":0},"classes":[]},{"id":1489,"url":"https:\/\/cftc-dartyidf.fr\/index.php\/2018\/03\/26\/prevenir-accidents-de-travail\/","url_meta":{"origin":1531,"position":5},"title":"Pr\u00e9venir les accidents de travail","author":"webcsfv","date":"26\/03\/2018","format":false,"excerpt":"Suite \u00e0 une r\u00e9union CHSCT Magasins de D\u00e9cembre 2017, une note a \u00e9t\u00e9 r\u00e9dig\u00e9e pour contrer l'augmentation significative des accidents de travail et du taux de gravit\u00e9 qui n'a jamais \u00e9t\u00e9 aussi \u00e9lev\u00e9 depuis des ann\u00e9es. \u00a0 Un \u00e9quipement de protection individuelle (EPI) est un dispositif ou moyen destin\u00e9 \u00e0\u2026","rel":"","context":"Dans &quot;Accueil&quot;","block_context":{"text":"Accueil","link":"https:\/\/cftc-dartyidf.fr\/index.php\/category\/accueil\/"},"img":{"alt_text":"","src":"https:\/\/i0.wp.com\/cftc-dartyidf.fr\/wp-content\/uploads\/2018\/03\/epi.jpg?resize=350%2C200&ssl=1","width":350,"height":200},"classes":[]}],"_links":{"self":[{"href":"https:\/\/cftc-dartyidf.fr\/index.php\/wp-json\/wp\/v2\/posts\/1531","targetHints":{"allow":["GET"]}}],"collection":[{"href":"https:\/\/cftc-dartyidf.fr\/index.php\/wp-json\/wp\/v2\/posts"}],"about":[{"href":"https:\/\/cftc-dartyidf.fr\/index.php\/wp-json\/wp\/v2\/types\/post"}],"author":[{"embeddable":true,"href":"https:\/\/cftc-dartyidf.fr\/index.php\/wp-json\/wp\/v2\/users\/1"}],"replies":[{"embeddable":true,"href":"https:\/\/cftc-dartyidf.fr\/index.php\/wp-json\/wp\/v2\/comments?post=1531"}],"version-history":[{"count":1,"href":"https:\/\/cftc-dartyidf.fr\/index.php\/wp-json\/wp\/v2\/posts\/1531\/revisions"}],"predecessor-version":[{"id":1533,"href":"https:\/\/cftc-dartyidf.fr\/index.php\/wp-json\/wp\/v2\/posts\/1531\/revisions\/1533"}],"wp:featuredmedia":[{"embeddable":true,"href":"https:\/\/cftc-dartyidf.fr\/index.php\/wp-json\/wp\/v2\/media\/1532"}],"wp:attachment":[{"href":"https:\/\/cftc-dartyidf.fr\/index.php\/wp-json\/wp\/v2\/media?parent=1531"}],"wp:term":[{"taxonomy":"category","embeddable":true,"href":"https:\/\/cftc-dartyidf.fr\/index.php\/wp-json\/wp\/v2\/categories?post=1531"},{"taxonomy":"post_tag","embeddable":true,"href":"https:\/\/cftc-dartyidf.fr\/index.php\/wp-json\/wp\/v2\/tags?post=1531"}],"curies":[{"name":"wp","href":"https:\/\/api.w.org\/{rel}","templated":true}]}}