{"id":1423,"date":"2018-01-31T16:21:42","date_gmt":"2018-01-31T15:21:42","guid":{"rendered":"https:\/\/cftc-dartyidf.fr\/?p=1423"},"modified":"2018-01-31T16:21:42","modified_gmt":"2018-01-31T15:21:42","slug":"rappel-vivinter","status":"publish","type":"post","link":"https:\/\/cftc-dartyidf.fr\/index.php\/2018\/01\/31\/rappel-vivinter\/","title":{"rendered":"Rappel &#8211; Vivinter"},"content":{"rendered":"<p><iframe loading=\"lazy\" title=\"FNAC\/DARTY - VIVINTER votre nouveau centre de gestion de frais de sant\u00e9 et pr\u00e9voyance\" src=\"https:\/\/player.vimeo.com\/video\/197096255?dnt=1&amp;app_id=122963\" width=\"1200\" height=\"675\" frameborder=\"0\" allow=\"autoplay; fullscreen; picture-in-picture; clipboard-write\"><\/iframe><\/p>\n<p>&nbsp;<\/p>\n<div id=\"site2\">\n<div class=\"item-page\">\n<div class=\"page-header\">\n<h1><span style=\"font-size: 18pt;\">QUI SOMMES-NOUS ?<\/span><\/h1>\n<\/div>\n<p><span style=\"font-size: 14pt;\">Votre entreprise nous a confi\u00e9 le remboursement compl\u00e9mentaire de vos frais de sant\u00e9 et de pr\u00e9voyance. VIVINTER est une marque\u00a0du Groupe <a href=\"http:\/\/www.s2hgroup.com\/\" target=\"_blank\" rel=\"noopener\">SIACI SAINT HONORE<\/a>, bas\u00e9e \u00e0 Clichy (92).<\/span><\/p>\n<p><span style=\"font-size: 14pt;\"> Nous pouvons traiter les remboursements des frais de sant\u00e9 et le r\u00e8glement des prestations incapacit\u00e9 et invalidit\u00e9, d\u00e9c\u00e8s, rente de conjoint.<\/span><\/p>\n<p><span style=\"font-size: 14pt;\"> Quelques d\u00e9tails sur la gestion des frais de sant\u00e9 avec les chiffres-cl\u00e9s pour l\u2019ann\u00e9e 2015 :\u00a0<\/span><\/p>\n<ul>\n<li><span style=\"font-size: 14pt;\">1 Million de b\u00e9n\u00e9ficiaires<\/span><\/li>\n<li><span style=\"font-size: 14pt;\">470\u00a0millions d&#8217;euros de remboursements sant\u00e9 par an<\/span><\/li>\n<\/ul>\n<p><span style=\"font-size: 14pt;\"><a href=\"http:\/\/www.vivinter.fr\/index.php?option=com_content&amp;view=article&amp;id=165&amp;Itemid=324&amp;lang=fr\">Vivinter en vid\u00e9o<\/a><\/span><\/p>\n<\/div>\n<\/div>\n<p><span style=\"font-size: 14pt;\"><a href=\"http:\/\/www.vivinter.fr\/\">http:\/\/www.vivinter.fr\/<\/a><\/span><\/p>\n","protected":false},"excerpt":{"rendered":"<p>&nbsp; QUI SOMMES-NOUS ? Votre entreprise nous a confi\u00e9 le remboursement compl\u00e9mentaire de vos frais de sant\u00e9 et de pr\u00e9voyance. VIVINTER est une marque\u00a0du Groupe SIACI SAINT HONORE, bas\u00e9e \u00e0 &#8230; <a title=\"Rappel &#8211; Vivinter\" class=\"read-more\" href=\"https:\/\/cftc-dartyidf.fr\/index.php\/2018\/01\/31\/rappel-vivinter\/\" aria-label=\"En savoir plus sur Rappel &#8211; Vivinter\">Lire plus<\/a><\/p>\n","protected":false},"author":1,"featured_media":1427,"comment_status":"closed","ping_status":"closed","sticky":false,"template":"","format":"standard","meta":{"generate_page_header":"","_price":"","_stock":"","_tribe_ticket_header":"","_tribe_default_ticket_provider":"","_tribe_ticket_capacity":"0","_ticket_start_date":"","_ticket_end_date":"","_tribe_ticket_show_description":"","_tribe_ticket_show_not_going":false,"_tribe_ticket_use_global_stock":"","_tribe_ticket_global_stock_level":"","_global_stock_mode":"","_global_stock_cap":"","_tribe_rsvp_for_event":"","_tribe_ticket_going_count":"","_tribe_ticket_not_going_count":"","_tribe_tickets_list":"[]","_tribe_ticket_has_attendee_info_fields":false,"jetpack_post_was_ever_published":false,"_jetpack_newsletter_access":"","_jetpack_dont_email_post_to_subs":false,"_jetpack_newsletter_tier_id":0,"_jetpack_memberships_contains_paywalled_content":false,"_jetpack_memberships_contains_paid_content":false,"footnotes":"","jetpack_publicize_message":"","jetpack_publicize_feature_enabled":true,"jetpack_social_post_already_shared":true,"jetpack_social_options":{"image_generator_settings":{"template":"highway","default_image_id":0,"font":"","enabled":false},"version":2}},"categories":[1],"tags":[],"class_list":["post-1423","post","type-post","status-publish","format-standard","has-post-thumbnail","hentry","category-accueil","generate-columns","tablet-grid-50","mobile-grid-100","grid-parent","grid-50","resize-featured-image"],"yoast_head":"<!-- This site is optimized with the Yoast SEO plugin v27.5 - https:\/\/yoast.com\/product\/yoast-seo-wordpress\/ -->\n<title>Rappel - Vivinter - CFTC-Darty IDF<\/title>\n<meta name=\"robots\" content=\"index, follow, max-snippet:-1, max-image-preview:large, max-video-preview:-1\" \/>\n<link rel=\"canonical\" href=\"https:\/\/cftc-dartyidf.fr\/index.php\/2018\/01\/31\/rappel-vivinter\/\" \/>\n<meta property=\"og:locale\" content=\"fr_FR\" \/>\n<meta property=\"og:type\" content=\"article\" \/>\n<meta property=\"og:title\" content=\"Rappel - Vivinter - CFTC-Darty IDF\" \/>\n<meta property=\"og:description\" content=\"&nbsp; QUI SOMMES-NOUS ? Votre entreprise nous a confi\u00e9 le remboursement compl\u00e9mentaire de vos frais de sant\u00e9 et de pr\u00e9voyance. VIVINTER est une marque\u00a0du Groupe SIACI SAINT HONORE, bas\u00e9e \u00e0 ... Lire plus\" \/>\n<meta property=\"og:url\" content=\"https:\/\/cftc-dartyidf.fr\/index.php\/2018\/01\/31\/rappel-vivinter\/\" \/>\n<meta property=\"og:site_name\" content=\"CFTC-Darty IDF\" \/>\n<meta property=\"article:published_time\" content=\"2018-01-31T15:21:42+00:00\" \/>\n<meta property=\"og:image\" content=\"https:\/\/cftc-dartyidf.fr\/wp-content\/uploads\/2018\/01\/logo_vivinter-1.png\" \/>\n\t<meta property=\"og:image:width\" content=\"430\" \/>\n\t<meta property=\"og:image:height\" content=\"117\" \/>\n\t<meta property=\"og:image:type\" content=\"image\/png\" \/>\n<meta name=\"author\" content=\"webcsfv\" \/>\n<meta name=\"twitter:card\" content=\"summary_large_image\" \/>\n<meta name=\"twitter:label1\" content=\"\u00c9crit par\" \/>\n\t<meta name=\"twitter:data1\" content=\"webcsfv\" \/>\n<script type=\"application\/ld+json\" class=\"yoast-schema-graph\">{\"@context\":\"https:\\\/\\\/schema.org\",\"@graph\":[{\"@type\":\"Article\",\"@id\":\"https:\\\/\\\/cftc-dartyidf.fr\\\/index.php\\\/2018\\\/01\\\/31\\\/rappel-vivinter\\\/#article\",\"isPartOf\":{\"@id\":\"https:\\\/\\\/cftc-dartyidf.fr\\\/index.php\\\/2018\\\/01\\\/31\\\/rappel-vivinter\\\/\"},\"author\":{\"name\":\"webcsfv\",\"@id\":\"https:\\\/\\\/cftc-dartyidf.fr\\\/#\\\/schema\\\/person\\\/71ee82537a022b7e374bcb7943ef2cd2\"},\"headline\":\"Rappel &#8211; Vivinter\",\"datePublished\":\"2018-01-31T15:21:42+00:00\",\"mainEntityOfPage\":{\"@id\":\"https:\\\/\\\/cftc-dartyidf.fr\\\/index.php\\\/2018\\\/01\\\/31\\\/rappel-vivinter\\\/\"},\"wordCount\":101,\"image\":{\"@id\":\"https:\\\/\\\/cftc-dartyidf.fr\\\/index.php\\\/2018\\\/01\\\/31\\\/rappel-vivinter\\\/#primaryimage\"},\"thumbnailUrl\":\"https:\\\/\\\/cftc-dartyidf.fr\\\/wp-content\\\/uploads\\\/2018\\\/01\\\/logo_vivinter-1.png\",\"articleSection\":[\"Accueil\"],\"inLanguage\":\"fr-FR\"},{\"@type\":\"WebPage\",\"@id\":\"https:\\\/\\\/cftc-dartyidf.fr\\\/index.php\\\/2018\\\/01\\\/31\\\/rappel-vivinter\\\/\",\"url\":\"https:\\\/\\\/cftc-dartyidf.fr\\\/index.php\\\/2018\\\/01\\\/31\\\/rappel-vivinter\\\/\",\"name\":\"Rappel - Vivinter - CFTC-Darty IDF\",\"isPartOf\":{\"@id\":\"https:\\\/\\\/cftc-dartyidf.fr\\\/#website\"},\"primaryImageOfPage\":{\"@id\":\"https:\\\/\\\/cftc-dartyidf.fr\\\/index.php\\\/2018\\\/01\\\/31\\\/rappel-vivinter\\\/#primaryimage\"},\"image\":{\"@id\":\"https:\\\/\\\/cftc-dartyidf.fr\\\/index.php\\\/2018\\\/01\\\/31\\\/rappel-vivinter\\\/#primaryimage\"},\"thumbnailUrl\":\"https:\\\/\\\/cftc-dartyidf.fr\\\/wp-content\\\/uploads\\\/2018\\\/01\\\/logo_vivinter-1.png\",\"datePublished\":\"2018-01-31T15:21:42+00:00\",\"author\":{\"@id\":\"https:\\\/\\\/cftc-dartyidf.fr\\\/#\\\/schema\\\/person\\\/71ee82537a022b7e374bcb7943ef2cd2\"},\"breadcrumb\":{\"@id\":\"https:\\\/\\\/cftc-dartyidf.fr\\\/index.php\\\/2018\\\/01\\\/31\\\/rappel-vivinter\\\/#breadcrumb\"},\"inLanguage\":\"fr-FR\",\"potentialAction\":[{\"@type\":\"ReadAction\",\"target\":[\"https:\\\/\\\/cftc-dartyidf.fr\\\/index.php\\\/2018\\\/01\\\/31\\\/rappel-vivinter\\\/\"]}]},{\"@type\":\"ImageObject\",\"inLanguage\":\"fr-FR\",\"@id\":\"https:\\\/\\\/cftc-dartyidf.fr\\\/index.php\\\/2018\\\/01\\\/31\\\/rappel-vivinter\\\/#primaryimage\",\"url\":\"https:\\\/\\\/cftc-dartyidf.fr\\\/wp-content\\\/uploads\\\/2018\\\/01\\\/logo_vivinter-1.png\",\"contentUrl\":\"https:\\\/\\\/cftc-dartyidf.fr\\\/wp-content\\\/uploads\\\/2018\\\/01\\\/logo_vivinter-1.png\",\"width\":430,\"height\":117},{\"@type\":\"BreadcrumbList\",\"@id\":\"https:\\\/\\\/cftc-dartyidf.fr\\\/index.php\\\/2018\\\/01\\\/31\\\/rappel-vivinter\\\/#breadcrumb\",\"itemListElement\":[{\"@type\":\"ListItem\",\"position\":1,\"name\":\"Accueil\",\"item\":\"https:\\\/\\\/cftc-dartyidf.fr\\\/\"},{\"@type\":\"ListItem\",\"position\":2,\"name\":\"Rappel &#8211; Vivinter\"}]},{\"@type\":\"WebSite\",\"@id\":\"https:\\\/\\\/cftc-dartyidf.fr\\\/#website\",\"url\":\"https:\\\/\\\/cftc-dartyidf.fr\\\/\",\"name\":\"CFTC-Darty IDF\",\"description\":\"Le site de la section syndicale CFTC chez Darty IDF\",\"potentialAction\":[{\"@type\":\"SearchAction\",\"target\":{\"@type\":\"EntryPoint\",\"urlTemplate\":\"https:\\\/\\\/cftc-dartyidf.fr\\\/?s={search_term_string}\"},\"query-input\":{\"@type\":\"PropertyValueSpecification\",\"valueRequired\":true,\"valueName\":\"search_term_string\"}}],\"inLanguage\":\"fr-FR\"},{\"@type\":\"Person\",\"@id\":\"https:\\\/\\\/cftc-dartyidf.fr\\\/#\\\/schema\\\/person\\\/71ee82537a022b7e374bcb7943ef2cd2\",\"name\":\"webcsfv\",\"image\":{\"@type\":\"ImageObject\",\"inLanguage\":\"fr-FR\",\"@id\":\"https:\\\/\\\/secure.gravatar.com\\\/avatar\\\/3d8bf08c8feaca537ce41c2b95cec6c85a8036a1687877b5eb7cb09dcb9b6f06?s=96&d=mm&r=g\",\"url\":\"https:\\\/\\\/secure.gravatar.com\\\/avatar\\\/3d8bf08c8feaca537ce41c2b95cec6c85a8036a1687877b5eb7cb09dcb9b6f06?s=96&d=mm&r=g\",\"contentUrl\":\"https:\\\/\\\/secure.gravatar.com\\\/avatar\\\/3d8bf08c8feaca537ce41c2b95cec6c85a8036a1687877b5eb7cb09dcb9b6f06?s=96&d=mm&r=g\",\"caption\":\"webcsfv\"},\"url\":\"https:\\\/\\\/cftc-dartyidf.fr\\\/index.php\\\/author\\\/webcsfv\\\/\"}]}<\/script>\n<!-- \/ Yoast SEO plugin. -->","yoast_head_json":{"title":"Rappel - Vivinter - CFTC-Darty IDF","robots":{"index":"index","follow":"follow","max-snippet":"max-snippet:-1","max-image-preview":"max-image-preview:large","max-video-preview":"max-video-preview:-1"},"canonical":"https:\/\/cftc-dartyidf.fr\/index.php\/2018\/01\/31\/rappel-vivinter\/","og_locale":"fr_FR","og_type":"article","og_title":"Rappel - Vivinter - CFTC-Darty IDF","og_description":"&nbsp; QUI SOMMES-NOUS ? Votre entreprise nous a confi\u00e9 le remboursement compl\u00e9mentaire de vos frais de sant\u00e9 et de pr\u00e9voyance. VIVINTER est une marque\u00a0du Groupe SIACI SAINT HONORE, bas\u00e9e \u00e0 ... Lire plus","og_url":"https:\/\/cftc-dartyidf.fr\/index.php\/2018\/01\/31\/rappel-vivinter\/","og_site_name":"CFTC-Darty IDF","article_published_time":"2018-01-31T15:21:42+00:00","og_image":[{"width":430,"height":117,"url":"https:\/\/cftc-dartyidf.fr\/wp-content\/uploads\/2018\/01\/logo_vivinter-1.png","type":"image\/png"}],"author":"webcsfv","twitter_card":"summary_large_image","twitter_misc":{"\u00c9crit par":"webcsfv"},"schema":{"@context":"https:\/\/schema.org","@graph":[{"@type":"Article","@id":"https:\/\/cftc-dartyidf.fr\/index.php\/2018\/01\/31\/rappel-vivinter\/#article","isPartOf":{"@id":"https:\/\/cftc-dartyidf.fr\/index.php\/2018\/01\/31\/rappel-vivinter\/"},"author":{"name":"webcsfv","@id":"https:\/\/cftc-dartyidf.fr\/#\/schema\/person\/71ee82537a022b7e374bcb7943ef2cd2"},"headline":"Rappel &#8211; Vivinter","datePublished":"2018-01-31T15:21:42+00:00","mainEntityOfPage":{"@id":"https:\/\/cftc-dartyidf.fr\/index.php\/2018\/01\/31\/rappel-vivinter\/"},"wordCount":101,"image":{"@id":"https:\/\/cftc-dartyidf.fr\/index.php\/2018\/01\/31\/rappel-vivinter\/#primaryimage"},"thumbnailUrl":"https:\/\/cftc-dartyidf.fr\/wp-content\/uploads\/2018\/01\/logo_vivinter-1.png","articleSection":["Accueil"],"inLanguage":"fr-FR"},{"@type":"WebPage","@id":"https:\/\/cftc-dartyidf.fr\/index.php\/2018\/01\/31\/rappel-vivinter\/","url":"https:\/\/cftc-dartyidf.fr\/index.php\/2018\/01\/31\/rappel-vivinter\/","name":"Rappel - Vivinter - CFTC-Darty IDF","isPartOf":{"@id":"https:\/\/cftc-dartyidf.fr\/#website"},"primaryImageOfPage":{"@id":"https:\/\/cftc-dartyidf.fr\/index.php\/2018\/01\/31\/rappel-vivinter\/#primaryimage"},"image":{"@id":"https:\/\/cftc-dartyidf.fr\/index.php\/2018\/01\/31\/rappel-vivinter\/#primaryimage"},"thumbnailUrl":"https:\/\/cftc-dartyidf.fr\/wp-content\/uploads\/2018\/01\/logo_vivinter-1.png","datePublished":"2018-01-31T15:21:42+00:00","author":{"@id":"https:\/\/cftc-dartyidf.fr\/#\/schema\/person\/71ee82537a022b7e374bcb7943ef2cd2"},"breadcrumb":{"@id":"https:\/\/cftc-dartyidf.fr\/index.php\/2018\/01\/31\/rappel-vivinter\/#breadcrumb"},"inLanguage":"fr-FR","potentialAction":[{"@type":"ReadAction","target":["https:\/\/cftc-dartyidf.fr\/index.php\/2018\/01\/31\/rappel-vivinter\/"]}]},{"@type":"ImageObject","inLanguage":"fr-FR","@id":"https:\/\/cftc-dartyidf.fr\/index.php\/2018\/01\/31\/rappel-vivinter\/#primaryimage","url":"https:\/\/cftc-dartyidf.fr\/wp-content\/uploads\/2018\/01\/logo_vivinter-1.png","contentUrl":"https:\/\/cftc-dartyidf.fr\/wp-content\/uploads\/2018\/01\/logo_vivinter-1.png","width":430,"height":117},{"@type":"BreadcrumbList","@id":"https:\/\/cftc-dartyidf.fr\/index.php\/2018\/01\/31\/rappel-vivinter\/#breadcrumb","itemListElement":[{"@type":"ListItem","position":1,"name":"Accueil","item":"https:\/\/cftc-dartyidf.fr\/"},{"@type":"ListItem","position":2,"name":"Rappel &#8211; Vivinter"}]},{"@type":"WebSite","@id":"https:\/\/cftc-dartyidf.fr\/#website","url":"https:\/\/cftc-dartyidf.fr\/","name":"CFTC-Darty IDF","description":"Le site de la section syndicale CFTC chez Darty IDF","potentialAction":[{"@type":"SearchAction","target":{"@type":"EntryPoint","urlTemplate":"https:\/\/cftc-dartyidf.fr\/?s={search_term_string}"},"query-input":{"@type":"PropertyValueSpecification","valueRequired":true,"valueName":"search_term_string"}}],"inLanguage":"fr-FR"},{"@type":"Person","@id":"https:\/\/cftc-dartyidf.fr\/#\/schema\/person\/71ee82537a022b7e374bcb7943ef2cd2","name":"webcsfv","image":{"@type":"ImageObject","inLanguage":"fr-FR","@id":"https:\/\/secure.gravatar.com\/avatar\/3d8bf08c8feaca537ce41c2b95cec6c85a8036a1687877b5eb7cb09dcb9b6f06?s=96&d=mm&r=g","url":"https:\/\/secure.gravatar.com\/avatar\/3d8bf08c8feaca537ce41c2b95cec6c85a8036a1687877b5eb7cb09dcb9b6f06?s=96&d=mm&r=g","contentUrl":"https:\/\/secure.gravatar.com\/avatar\/3d8bf08c8feaca537ce41c2b95cec6c85a8036a1687877b5eb7cb09dcb9b6f06?s=96&d=mm&r=g","caption":"webcsfv"},"url":"https:\/\/cftc-dartyidf.fr\/index.php\/author\/webcsfv\/"}]}},"jetpack_publicize_connections":[],"jetpack_featured_media_url":"https:\/\/cftc-dartyidf.fr\/wp-content\/uploads\/2018\/01\/logo_vivinter-1.png","jetpack_sharing_enabled":true,"jetpack_shortlink":"https:\/\/wp.me\/p8n98f-mX","jetpack-related-posts":[{"id":1356,"url":"https:\/\/cftc-dartyidf.fr\/index.php\/2018\/01\/17\/vrai-faux-peux-conserver-mutuelle-dentreprise-cas-de-licenciement\/","url_meta":{"origin":1423,"position":0},"title":"VRAI\/FAUX : je peux conserver la mutuelle d\u2019entreprise en cas de licenciement ?","author":"webcsfv","date":"17\/01\/2018","format":false,"excerpt":"C'est \u00e0 la fois vrai, \u00e0 la fois faux...On vous explique ! Tous les salari\u00e9s du secteur priv\u00e9 doivent se voir proposer par leur employeur, une couverture compl\u00e9mentaire sant\u00e9 collective, en suppl\u00e9ment du r\u00e9gime de base de S\u00e9curit\u00e9 Sociale, et ce, depuis le 1er janvier 2016. N\u00e9anmoins, que se passe-t-il\u2026","rel":"","context":"Dans &quot;Accueil&quot;","block_context":{"text":"Accueil","link":"https:\/\/cftc-dartyidf.fr\/index.php\/category\/accueil\/"},"img":{"alt_text":"","src":"https:\/\/i0.wp.com\/cftc-dartyidf.fr\/wp-content\/uploads\/2018\/01\/indemnites.jpg?resize=350%2C200&ssl=1","width":350,"height":200,"srcset":"https:\/\/i0.wp.com\/cftc-dartyidf.fr\/wp-content\/uploads\/2018\/01\/indemnites.jpg?resize=350%2C200&ssl=1 1x, https:\/\/i0.wp.com\/cftc-dartyidf.fr\/wp-content\/uploads\/2018\/01\/indemnites.jpg?resize=525%2C300&ssl=1 1.5x"},"classes":[]},{"id":1389,"url":"https:\/\/cftc-dartyidf.fr\/index.php\/2018\/01\/27\/efficience-2\/","url_meta":{"origin":1423,"position":1},"title":"Efficience","author":"webcsfv","date":"27\/01\/2018","format":false,"excerpt":"Qui sommes-nous ? Un service de sant\u00e9 au travail professionnel et r\u00e9actif Tous les collaborateurs d'Efficience Sant\u00e9 au Travail sont mobilis\u00e9s pour r\u00e9pondre rapidement \u00e0 toutes vos demandes. Plus de 11 000 entreprises, de toutes tailles et de tous secteurs d'activit\u00e9, nous confient la sant\u00e9 au travail de 103 000\u2026","rel":"","context":"Dans &quot;Accueil&quot;","block_context":{"text":"Accueil","link":"https:\/\/cftc-dartyidf.fr\/index.php\/category\/accueil\/"},"img":{"alt_text":"","src":"","width":0,"height":0},"classes":[]},{"id":1349,"url":"https:\/\/cftc-dartyidf.fr\/index.php\/2018\/01\/17\/interdiction-de-vapoter\/","url_meta":{"origin":1423,"position":2},"title":"Interdiction de vapoter","author":"webcsfv","date":"17\/01\/2018","format":false,"excerpt":"L'utilisation de la cigarette \u00e9lectronique ou \"vapotage\" est interdit en entreprise depuis la loi de modernisation de notre syst\u00e8me de sant\u00e9 du 26 Janvier 2016. Le d\u00e9cret n\u00b0 2017-633 du 25 avril 207 permet d'en fixer les conditions d'application. \u00a0 La r\u00e9glementation Aux termes de ce texte, il est interdit\u2026","rel":"","context":"Dans &quot;Accueil&quot;","block_context":{"text":"Accueil","link":"https:\/\/cftc-dartyidf.fr\/index.php\/category\/accueil\/"},"img":{"alt_text":"","src":"https:\/\/i0.wp.com\/cftc-dartyidf.fr\/wp-content\/uploads\/2018\/01\/vapoter.jpg?resize=350%2C200&ssl=1","width":350,"height":200},"classes":[]},{"id":1377,"url":"https:\/\/cftc-dartyidf.fr\/index.php\/2018\/01\/25\/adhesion\/","url_meta":{"origin":1423,"position":3},"title":"Adh\u00e9sion","author":"webcsfv","date":"25\/01\/2018","format":false,"excerpt":"Bienvenue ! Vous vous reconnaissez dans les valeurs pr\u00f4n\u00e9es par la CFTC. Ces valeurs fondent une conception unique du syndicalisme, bas\u00e9e sur le dialogue et la recherche de solutions nouvelles : le syndicalisme constructif. Convaincu ? Pour adh\u00e9rer, trouvez la CFTC qui vous correspond. Pour la CFTC, vous \u00eates un\u2026","rel":"","context":"Dans &quot;Accueil&quot;","block_context":{"text":"Accueil","link":"https:\/\/cftc-dartyidf.fr\/index.php\/category\/accueil\/"},"img":{"alt_text":"","src":"https:\/\/i0.wp.com\/cftc-dartyidf.fr\/wp-content\/uploads\/2017\/11\/CFTC.png?resize=350%2C200&ssl=1","width":350,"height":200,"srcset":"https:\/\/i0.wp.com\/cftc-dartyidf.fr\/wp-content\/uploads\/2017\/11\/CFTC.png?resize=350%2C200&ssl=1 1x, https:\/\/i0.wp.com\/cftc-dartyidf.fr\/wp-content\/uploads\/2017\/11\/CFTC.png?resize=525%2C300&ssl=1 1.5x, https:\/\/i0.wp.com\/cftc-dartyidf.fr\/wp-content\/uploads\/2017\/11\/CFTC.png?resize=700%2C400&ssl=1 2x, https:\/\/i0.wp.com\/cftc-dartyidf.fr\/wp-content\/uploads\/2017\/11\/CFTC.png?resize=1050%2C600&ssl=1 3x, https:\/\/i0.wp.com\/cftc-dartyidf.fr\/wp-content\/uploads\/2017\/11\/CFTC.png?resize=1400%2C800&ssl=1 4x"},"classes":[]},{"id":1521,"url":"https:\/\/cftc-dartyidf.fr\/index.php\/2018\/04\/02\/les-ressources-humaines\/","url_meta":{"origin":1423,"position":4},"title":"Les Ressources Humaines","author":"webcsfv","date":"02\/04\/2018","format":false,"excerpt":"\"J\u2019ai travaill\u00e9 22 ans dans les Ressources Humaines et j\u2019ai arr\u00eat\u00e9 cette tragi-com\u00e9die\" 40% des actifs d\u00e9clarent que leur travail affecte leur sant\u00e9, 42% des RH estiment devoir r\u00e9guli\u00e8rement agir contre leurs convictions et leurs valeurs... \u00a0 Je suis entr\u00e9 en Ressources Humaines en 1995 et en suis sorti 22\u2026","rel":"","context":"Dans &quot;Accueil&quot;","block_context":{"text":"Accueil","link":"https:\/\/cftc-dartyidf.fr\/index.php\/category\/accueil\/"},"img":{"alt_text":"","src":"https:\/\/i0.wp.com\/cftc-dartyidf.fr\/wp-content\/uploads\/2018\/04\/rh.png?resize=350%2C200&ssl=1","width":350,"height":200,"srcset":"https:\/\/i0.wp.com\/cftc-dartyidf.fr\/wp-content\/uploads\/2018\/04\/rh.png?resize=350%2C200&ssl=1 1x, https:\/\/i0.wp.com\/cftc-dartyidf.fr\/wp-content\/uploads\/2018\/04\/rh.png?resize=525%2C300&ssl=1 1.5x"},"classes":[]},{"id":1397,"url":"https:\/\/cftc-dartyidf.fr\/index.php\/2018\/01\/28\/lutte-contre-discriminations\/","url_meta":{"origin":1423,"position":5},"title":"La lutte contre les discriminations","author":"webcsfv","date":"28\/01\/2018","format":false,"excerpt":"Article 225-1 Modifi\u00e9 par LOI n\u00b02016-1547 du 18 novembre 2016 - art. 86 Constitue une discrimination toute distinction op\u00e9r\u00e9e entre les personnes physiques sur le fondement de leur origine, de leur sexe, de leur situation de famille, de leur grossesse, de leur apparence physique, de la particuli\u00e8re vuln\u00e9rabilit\u00e9 r\u00e9sultant de\u2026","rel":"","context":"Dans &quot;Accueil&quot;","block_context":{"text":"Accueil","link":"https:\/\/cftc-dartyidf.fr\/index.php\/category\/accueil\/"},"img":{"alt_text":"","src":"https:\/\/i0.wp.com\/cftc-dartyidf.fr\/wp-content\/uploads\/2018\/01\/dicriminations.jpg?resize=350%2C200&ssl=1","width":350,"height":200,"srcset":"https:\/\/i0.wp.com\/cftc-dartyidf.fr\/wp-content\/uploads\/2018\/01\/dicriminations.jpg?resize=350%2C200&ssl=1 1x, https:\/\/i0.wp.com\/cftc-dartyidf.fr\/wp-content\/uploads\/2018\/01\/dicriminations.jpg?resize=525%2C300&ssl=1 1.5x, https:\/\/i0.wp.com\/cftc-dartyidf.fr\/wp-content\/uploads\/2018\/01\/dicriminations.jpg?resize=700%2C400&ssl=1 2x"},"classes":[]}],"_links":{"self":[{"href":"https:\/\/cftc-dartyidf.fr\/index.php\/wp-json\/wp\/v2\/posts\/1423","targetHints":{"allow":["GET"]}}],"collection":[{"href":"https:\/\/cftc-dartyidf.fr\/index.php\/wp-json\/wp\/v2\/posts"}],"about":[{"href":"https:\/\/cftc-dartyidf.fr\/index.php\/wp-json\/wp\/v2\/types\/post"}],"author":[{"embeddable":true,"href":"https:\/\/cftc-dartyidf.fr\/index.php\/wp-json\/wp\/v2\/users\/1"}],"replies":[{"embeddable":true,"href":"https:\/\/cftc-dartyidf.fr\/index.php\/wp-json\/wp\/v2\/comments?post=1423"}],"version-history":[{"count":2,"href":"https:\/\/cftc-dartyidf.fr\/index.php\/wp-json\/wp\/v2\/posts\/1423\/revisions"}],"predecessor-version":[{"id":1428,"href":"https:\/\/cftc-dartyidf.fr\/index.php\/wp-json\/wp\/v2\/posts\/1423\/revisions\/1428"}],"wp:featuredmedia":[{"embeddable":true,"href":"https:\/\/cftc-dartyidf.fr\/index.php\/wp-json\/wp\/v2\/media\/1427"}],"wp:attachment":[{"href":"https:\/\/cftc-dartyidf.fr\/index.php\/wp-json\/wp\/v2\/media?parent=1423"}],"wp:term":[{"taxonomy":"category","embeddable":true,"href":"https:\/\/cftc-dartyidf.fr\/index.php\/wp-json\/wp\/v2\/categories?post=1423"},{"taxonomy":"post_tag","embeddable":true,"href":"https:\/\/cftc-dartyidf.fr\/index.php\/wp-json\/wp\/v2\/tags?post=1423"}],"curies":[{"name":"wp","href":"https:\/\/api.w.org\/{rel}","templated":true}]}}