{"id":1408,"date":"2018-01-29T12:12:38","date_gmt":"2018-01-29T11:12:38","guid":{"rendered":"https:\/\/cftc-dartyidf.fr\/?p=1408"},"modified":"2018-01-29T12:13:25","modified_gmt":"2018-01-29T11:13:25","slug":"fnac-darty-investor-day","status":"publish","type":"post","link":"https:\/\/cftc-dartyidf.fr\/index.php\/2018\/01\/29\/fnac-darty-investor-day\/","title":{"rendered":"Fnac Darty &#8211; Investor Day (vid\u00e9o)"},"content":{"rendered":"<p><span class=\"embed-youtube\" style=\"text-align:center; display: block;\"><iframe loading=\"lazy\" class=\"youtube-player\" width=\"1200\" height=\"675\" src=\"https:\/\/www.youtube.com\/embed\/F9WUcKiH4Zg?version=3&#038;rel=1&#038;showsearch=0&#038;showinfo=1&#038;iv_load_policy=1&#038;fs=1&#038;hl=fr-FR&#038;autohide=2&#038;wmode=transparent\" allowfullscreen=\"true\" style=\"border:0;\" sandbox=\"allow-scripts allow-same-origin allow-popups allow-presentation allow-popups-to-escape-sandbox\"><\/iframe><\/span><\/p>\n","protected":false},"excerpt":{"rendered":"","protected":false},"author":1,"featured_media":0,"comment_status":"closed","ping_status":"closed","sticky":false,"template":"","format":"standard","meta":{"generate_page_header":"","_price":"","_stock":"","_tribe_ticket_header":"","_tribe_default_ticket_provider":"","_tribe_ticket_capacity":"0","_ticket_start_date":"","_ticket_end_date":"","_tribe_ticket_show_description":"","_tribe_ticket_show_not_going":false,"_tribe_ticket_use_global_stock":"","_tribe_ticket_global_stock_level":"","_global_stock_mode":"","_global_stock_cap":"","_tribe_rsvp_for_event":"","_tribe_ticket_going_count":"","_tribe_ticket_not_going_count":"","_tribe_tickets_list":"[]","_tribe_ticket_has_attendee_info_fields":false,"jetpack_post_was_ever_published":false,"_jetpack_newsletter_access":"","_jetpack_dont_email_post_to_subs":false,"_jetpack_newsletter_tier_id":0,"_jetpack_memberships_contains_paywalled_content":false,"_jetpack_memberships_contains_paid_content":false,"footnotes":"","jetpack_publicize_message":"","jetpack_publicize_feature_enabled":true,"jetpack_social_post_already_shared":true,"jetpack_social_options":{"image_generator_settings":{"template":"highway","default_image_id":0,"font":"","enabled":false},"version":2}},"categories":[1],"tags":[],"class_list":["post-1408","post","type-post","status-publish","format-standard","hentry","category-accueil","generate-columns","tablet-grid-50","mobile-grid-100","grid-parent","grid-50"],"yoast_head":"<!-- This site is optimized with the Yoast SEO plugin v27.5 - https:\/\/yoast.com\/product\/yoast-seo-wordpress\/ -->\n<title>Fnac Darty - Investor Day (vid\u00e9o) - CFTC-Darty IDF<\/title>\n<meta name=\"robots\" content=\"index, follow, max-snippet:-1, max-image-preview:large, max-video-preview:-1\" \/>\n<link rel=\"canonical\" href=\"https:\/\/cftc-dartyidf.fr\/index.php\/2018\/01\/29\/fnac-darty-investor-day\/\" \/>\n<meta property=\"og:locale\" content=\"fr_FR\" \/>\n<meta property=\"og:type\" content=\"article\" \/>\n<meta property=\"og:title\" content=\"Fnac Darty - Investor Day (vid\u00e9o) - CFTC-Darty IDF\" \/>\n<meta property=\"og:url\" content=\"https:\/\/cftc-dartyidf.fr\/index.php\/2018\/01\/29\/fnac-darty-investor-day\/\" \/>\n<meta property=\"og:site_name\" content=\"CFTC-Darty IDF\" \/>\n<meta property=\"article:published_time\" content=\"2018-01-29T11:12:38+00:00\" \/>\n<meta property=\"article:modified_time\" content=\"2018-01-29T11:13:25+00:00\" \/>\n<meta property=\"og:image\" content=\"https:\/\/cftc-dartyidf.fr\/wp-content\/uploads\/2018\/01\/logofnac.png\" \/>\n\t<meta property=\"og:image:width\" content=\"528\" \/>\n\t<meta property=\"og:image:height\" content=\"104\" \/>\n\t<meta property=\"og:image:type\" content=\"image\/png\" \/>\n<meta name=\"author\" content=\"webcsfv\" \/>\n<meta name=\"twitter:card\" content=\"summary_large_image\" \/>\n<meta name=\"twitter:label1\" content=\"\u00c9crit par\" \/>\n\t<meta name=\"twitter:data1\" content=\"webcsfv\" \/>\n<script type=\"application\/ld+json\" class=\"yoast-schema-graph\">{\"@context\":\"https:\\\/\\\/schema.org\",\"@graph\":[{\"@type\":\"Article\",\"@id\":\"https:\\\/\\\/cftc-dartyidf.fr\\\/index.php\\\/2018\\\/01\\\/29\\\/fnac-darty-investor-day\\\/#article\",\"isPartOf\":{\"@id\":\"https:\\\/\\\/cftc-dartyidf.fr\\\/index.php\\\/2018\\\/01\\\/29\\\/fnac-darty-investor-day\\\/\"},\"author\":{\"name\":\"webcsfv\",\"@id\":\"https:\\\/\\\/cftc-dartyidf.fr\\\/#\\\/schema\\\/person\\\/71ee82537a022b7e374bcb7943ef2cd2\"},\"headline\":\"Fnac Darty &#8211; Investor Day (vid\u00e9o)\",\"datePublished\":\"2018-01-29T11:12:38+00:00\",\"dateModified\":\"2018-01-29T11:13:25+00:00\",\"mainEntityOfPage\":{\"@id\":\"https:\\\/\\\/cftc-dartyidf.fr\\\/index.php\\\/2018\\\/01\\\/29\\\/fnac-darty-investor-day\\\/\"},\"wordCount\":16,\"articleSection\":[\"Accueil\"],\"inLanguage\":\"fr-FR\"},{\"@type\":\"WebPage\",\"@id\":\"https:\\\/\\\/cftc-dartyidf.fr\\\/index.php\\\/2018\\\/01\\\/29\\\/fnac-darty-investor-day\\\/\",\"url\":\"https:\\\/\\\/cftc-dartyidf.fr\\\/index.php\\\/2018\\\/01\\\/29\\\/fnac-darty-investor-day\\\/\",\"name\":\"Fnac Darty - Investor Day (vid\u00e9o) - CFTC-Darty IDF\",\"isPartOf\":{\"@id\":\"https:\\\/\\\/cftc-dartyidf.fr\\\/#website\"},\"datePublished\":\"2018-01-29T11:12:38+00:00\",\"dateModified\":\"2018-01-29T11:13:25+00:00\",\"author\":{\"@id\":\"https:\\\/\\\/cftc-dartyidf.fr\\\/#\\\/schema\\\/person\\\/71ee82537a022b7e374bcb7943ef2cd2\"},\"breadcrumb\":{\"@id\":\"https:\\\/\\\/cftc-dartyidf.fr\\\/index.php\\\/2018\\\/01\\\/29\\\/fnac-darty-investor-day\\\/#breadcrumb\"},\"inLanguage\":\"fr-FR\",\"potentialAction\":[{\"@type\":\"ReadAction\",\"target\":[\"https:\\\/\\\/cftc-dartyidf.fr\\\/index.php\\\/2018\\\/01\\\/29\\\/fnac-darty-investor-day\\\/\"]}]},{\"@type\":\"BreadcrumbList\",\"@id\":\"https:\\\/\\\/cftc-dartyidf.fr\\\/index.php\\\/2018\\\/01\\\/29\\\/fnac-darty-investor-day\\\/#breadcrumb\",\"itemListElement\":[{\"@type\":\"ListItem\",\"position\":1,\"name\":\"Accueil\",\"item\":\"https:\\\/\\\/cftc-dartyidf.fr\\\/\"},{\"@type\":\"ListItem\",\"position\":2,\"name\":\"Fnac Darty &#8211; Investor Day (vid\u00e9o)\"}]},{\"@type\":\"WebSite\",\"@id\":\"https:\\\/\\\/cftc-dartyidf.fr\\\/#website\",\"url\":\"https:\\\/\\\/cftc-dartyidf.fr\\\/\",\"name\":\"CFTC-Darty IDF\",\"description\":\"Le site de la section syndicale CFTC chez Darty IDF\",\"potentialAction\":[{\"@type\":\"SearchAction\",\"target\":{\"@type\":\"EntryPoint\",\"urlTemplate\":\"https:\\\/\\\/cftc-dartyidf.fr\\\/?s={search_term_string}\"},\"query-input\":{\"@type\":\"PropertyValueSpecification\",\"valueRequired\":true,\"valueName\":\"search_term_string\"}}],\"inLanguage\":\"fr-FR\"},{\"@type\":\"Person\",\"@id\":\"https:\\\/\\\/cftc-dartyidf.fr\\\/#\\\/schema\\\/person\\\/71ee82537a022b7e374bcb7943ef2cd2\",\"name\":\"webcsfv\",\"image\":{\"@type\":\"ImageObject\",\"inLanguage\":\"fr-FR\",\"@id\":\"https:\\\/\\\/secure.gravatar.com\\\/avatar\\\/3d8bf08c8feaca537ce41c2b95cec6c85a8036a1687877b5eb7cb09dcb9b6f06?s=96&d=mm&r=g\",\"url\":\"https:\\\/\\\/secure.gravatar.com\\\/avatar\\\/3d8bf08c8feaca537ce41c2b95cec6c85a8036a1687877b5eb7cb09dcb9b6f06?s=96&d=mm&r=g\",\"contentUrl\":\"https:\\\/\\\/secure.gravatar.com\\\/avatar\\\/3d8bf08c8feaca537ce41c2b95cec6c85a8036a1687877b5eb7cb09dcb9b6f06?s=96&d=mm&r=g\",\"caption\":\"webcsfv\"},\"url\":\"https:\\\/\\\/cftc-dartyidf.fr\\\/index.php\\\/author\\\/webcsfv\\\/\"}]}<\/script>\n<!-- \/ Yoast SEO plugin. -->","yoast_head_json":{"title":"Fnac Darty - Investor Day (vid\u00e9o) - CFTC-Darty IDF","robots":{"index":"index","follow":"follow","max-snippet":"max-snippet:-1","max-image-preview":"max-image-preview:large","max-video-preview":"max-video-preview:-1"},"canonical":"https:\/\/cftc-dartyidf.fr\/index.php\/2018\/01\/29\/fnac-darty-investor-day\/","og_locale":"fr_FR","og_type":"article","og_title":"Fnac Darty - Investor Day (vid\u00e9o) - CFTC-Darty IDF","og_url":"https:\/\/cftc-dartyidf.fr\/index.php\/2018\/01\/29\/fnac-darty-investor-day\/","og_site_name":"CFTC-Darty IDF","article_published_time":"2018-01-29T11:12:38+00:00","article_modified_time":"2018-01-29T11:13:25+00:00","og_image":[{"width":528,"height":104,"url":"https:\/\/cftc-dartyidf.fr\/wp-content\/uploads\/2018\/01\/logofnac.png","type":"image\/png"}],"author":"webcsfv","twitter_card":"summary_large_image","twitter_misc":{"\u00c9crit par":"webcsfv"},"schema":{"@context":"https:\/\/schema.org","@graph":[{"@type":"Article","@id":"https:\/\/cftc-dartyidf.fr\/index.php\/2018\/01\/29\/fnac-darty-investor-day\/#article","isPartOf":{"@id":"https:\/\/cftc-dartyidf.fr\/index.php\/2018\/01\/29\/fnac-darty-investor-day\/"},"author":{"name":"webcsfv","@id":"https:\/\/cftc-dartyidf.fr\/#\/schema\/person\/71ee82537a022b7e374bcb7943ef2cd2"},"headline":"Fnac Darty &#8211; Investor Day (vid\u00e9o)","datePublished":"2018-01-29T11:12:38+00:00","dateModified":"2018-01-29T11:13:25+00:00","mainEntityOfPage":{"@id":"https:\/\/cftc-dartyidf.fr\/index.php\/2018\/01\/29\/fnac-darty-investor-day\/"},"wordCount":16,"articleSection":["Accueil"],"inLanguage":"fr-FR"},{"@type":"WebPage","@id":"https:\/\/cftc-dartyidf.fr\/index.php\/2018\/01\/29\/fnac-darty-investor-day\/","url":"https:\/\/cftc-dartyidf.fr\/index.php\/2018\/01\/29\/fnac-darty-investor-day\/","name":"Fnac Darty - Investor Day (vid\u00e9o) - CFTC-Darty IDF","isPartOf":{"@id":"https:\/\/cftc-dartyidf.fr\/#website"},"datePublished":"2018-01-29T11:12:38+00:00","dateModified":"2018-01-29T11:13:25+00:00","author":{"@id":"https:\/\/cftc-dartyidf.fr\/#\/schema\/person\/71ee82537a022b7e374bcb7943ef2cd2"},"breadcrumb":{"@id":"https:\/\/cftc-dartyidf.fr\/index.php\/2018\/01\/29\/fnac-darty-investor-day\/#breadcrumb"},"inLanguage":"fr-FR","potentialAction":[{"@type":"ReadAction","target":["https:\/\/cftc-dartyidf.fr\/index.php\/2018\/01\/29\/fnac-darty-investor-day\/"]}]},{"@type":"BreadcrumbList","@id":"https:\/\/cftc-dartyidf.fr\/index.php\/2018\/01\/29\/fnac-darty-investor-day\/#breadcrumb","itemListElement":[{"@type":"ListItem","position":1,"name":"Accueil","item":"https:\/\/cftc-dartyidf.fr\/"},{"@type":"ListItem","position":2,"name":"Fnac Darty &#8211; Investor Day (vid\u00e9o)"}]},{"@type":"WebSite","@id":"https:\/\/cftc-dartyidf.fr\/#website","url":"https:\/\/cftc-dartyidf.fr\/","name":"CFTC-Darty IDF","description":"Le site de la section syndicale CFTC chez Darty IDF","potentialAction":[{"@type":"SearchAction","target":{"@type":"EntryPoint","urlTemplate":"https:\/\/cftc-dartyidf.fr\/?s={search_term_string}"},"query-input":{"@type":"PropertyValueSpecification","valueRequired":true,"valueName":"search_term_string"}}],"inLanguage":"fr-FR"},{"@type":"Person","@id":"https:\/\/cftc-dartyidf.fr\/#\/schema\/person\/71ee82537a022b7e374bcb7943ef2cd2","name":"webcsfv","image":{"@type":"ImageObject","inLanguage":"fr-FR","@id":"https:\/\/secure.gravatar.com\/avatar\/3d8bf08c8feaca537ce41c2b95cec6c85a8036a1687877b5eb7cb09dcb9b6f06?s=96&d=mm&r=g","url":"https:\/\/secure.gravatar.com\/avatar\/3d8bf08c8feaca537ce41c2b95cec6c85a8036a1687877b5eb7cb09dcb9b6f06?s=96&d=mm&r=g","contentUrl":"https:\/\/secure.gravatar.com\/avatar\/3d8bf08c8feaca537ce41c2b95cec6c85a8036a1687877b5eb7cb09dcb9b6f06?s=96&d=mm&r=g","caption":"webcsfv"},"url":"https:\/\/cftc-dartyidf.fr\/index.php\/author\/webcsfv\/"}]}},"jetpack_publicize_connections":[],"jetpack_featured_media_url":"","jetpack_sharing_enabled":true,"jetpack_shortlink":"https:\/\/wp.me\/p8n98f-mI","jetpack-related-posts":[{"id":1276,"url":"https:\/\/cftc-dartyidf.fr\/index.php\/2017\/12\/05\/partenariat-fnac-darty-carrefour-niveau-achat\/","url_meta":{"origin":1408,"position":0},"title":"PARTENARIAT FNAC-DARTY AVEC CARREFOUR AU NIVEAU DES ACHAT","author":"webcsfv","date":"05\/12\/2017","format":false,"excerpt":"=== PARTENARIAT FNAC-DARTY AVEC CARREFOUR AU NIVEAU DES ACHATS === Le communiqu\u00e9 de presse fnac vient de tomber il y a quelques minutes pour annoncer ce partenariat du groupe Fnac-Darty avec le Groupe Carrefour au niveau des achats de biens d'\u00e9lectro-m\u00e9nager blanc (mat\u00e9riel de nettoyage, de cuisine, de cuisson et\u2026","rel":"","context":"Dans &quot;Accueil&quot;","block_context":{"text":"Accueil","link":"https:\/\/cftc-dartyidf.fr\/index.php\/category\/accueil\/"},"img":{"alt_text":"","src":"https:\/\/i0.wp.com\/cftc-dartyidf.fr\/wp-content\/uploads\/2017\/12\/carrouf.png?resize=350%2C200&ssl=1","width":350,"height":200,"srcset":"https:\/\/i0.wp.com\/cftc-dartyidf.fr\/wp-content\/uploads\/2017\/12\/carrouf.png?resize=350%2C200&ssl=1 1x, https:\/\/i0.wp.com\/cftc-dartyidf.fr\/wp-content\/uploads\/2017\/12\/carrouf.png?resize=525%2C300&ssl=1 1.5x"},"classes":[]},{"id":1291,"url":"https:\/\/cftc-dartyidf.fr\/index.php\/2017\/12\/10\/enrique-martinez-fnac-darty-carrefour-allons-etre-plus-puissants\/","url_meta":{"origin":1408,"position":1},"title":"Enrique Martinez (Fnac Darty) : &#8220;Avec Carrefour, nous allons \u00eatre encore plus puissants&#8221;","author":"webcsfv","date":"10\/12\/2017","format":false,"excerpt":"Enrique Martinez, directeur g\u00e9n\u00e9ral de Fnac Darty, \u00e9tait L'invit\u00e9 de l'interview \u00e9co mardi pour \u00e9voquer l'alliance sign\u00e9e avec le groupe Carrefour. Ils n\u00e9gocieront ensemble l'achat de leurs produits \u00e9lectrom\u00e9nagers et \u00e9lectroniques grand public en France. Les groupes Fnac Darty et Carrefour ont sign\u00e9 mardi 5 d\u00e9cembre une alliance pour n\u00e9gocier\u2026","rel":"","context":"Dans &quot;Accueil&quot;","block_context":{"text":"Accueil","link":"https:\/\/cftc-dartyidf.fr\/index.php\/category\/accueil\/"},"img":{"alt_text":"","src":"","width":0,"height":0},"classes":[]},{"id":1578,"url":"https:\/\/cftc-dartyidf.fr\/index.php\/2018\/05\/29\/achats-en-ligne-fnac-darty-revolutionne-la-livraison\/","url_meta":{"origin":1408,"position":2},"title":"Achats en ligne : Fnac-Darty r\u00e9volutionne la livraison","author":"webcsfv","date":"29\/05\/2018","format":false,"excerpt":"Pour toute commande pass\u00e9e avant 20 heures, le groupe fran\u00e7ais propose maintenant de livrer le produit le lendemain et de l'installer \u00e0 domicile. La promesse est all\u00e9chante. Fnac-Darty veut moderniser l'achat en ligne. Le Parisien annonce que le groupe fran\u00e7ais de distribution dans l'\u00e9lectrom\u00e9nager et les biens culturels propose un\u2026","rel":"","context":"Dans &quot;Accueil&quot;","block_context":{"text":"Accueil","link":"https:\/\/cftc-dartyidf.fr\/index.php\/category\/accueil\/"},"img":{"alt_text":"","src":"https:\/\/i0.wp.com\/cftc-dartyidf.fr\/wp-content\/uploads\/2018\/05\/fnac-darty.jpg?resize=350%2C200&ssl=1","width":350,"height":200,"srcset":"https:\/\/i0.wp.com\/cftc-dartyidf.fr\/wp-content\/uploads\/2018\/05\/fnac-darty.jpg?resize=350%2C200&ssl=1 1x, https:\/\/i0.wp.com\/cftc-dartyidf.fr\/wp-content\/uploads\/2018\/05\/fnac-darty.jpg?resize=525%2C300&ssl=1 1.5x, https:\/\/i0.wp.com\/cftc-dartyidf.fr\/wp-content\/uploads\/2018\/05\/fnac-darty.jpg?resize=700%2C400&ssl=1 2x, https:\/\/i0.wp.com\/cftc-dartyidf.fr\/wp-content\/uploads\/2018\/05\/fnac-darty.jpg?resize=1050%2C600&ssl=1 3x"},"classes":[]},{"id":1380,"url":"https:\/\/cftc-dartyidf.fr\/index.php\/2018\/01\/25\/le-mot-du-directeur-general\/","url_meta":{"origin":1408,"position":3},"title":"Le mot du Directeur G\u00e9n\u00e9ral","author":"webcsfv","date":"25\/01\/2018","format":false,"excerpt":"La Fnac et Darty\u00a0: leurs ressemblances comme leurs singularit\u00e9s appelaient \u00e0 l\u2019alliance de ces deux enseignes embl\u00e9matiques. Marques historiques aux caract\u00e8res forts, elles partagent une culture du service hors pair, une image ch\u00e8re au c\u0153ur des Fran\u00e7ais, le go\u00fbt de l\u2019innovation, un r\u00e9seau de distribution puissant, une empreinte d\u00e9lib\u00e9r\u00e9ment omnicanale\u2026","rel":"","context":"Dans &quot;Accueil&quot;","block_context":{"text":"Accueil","link":"https:\/\/cftc-dartyidf.fr\/index.php\/category\/accueil\/"},"img":{"alt_text":"","src":"","width":0,"height":0},"classes":[]},{"id":1400,"url":"https:\/\/cftc-dartyidf.fr\/index.php\/2018\/01\/28\/nouveau-site\/","url_meta":{"origin":1408,"position":4},"title":"Nouveau site","author":"webcsfv","date":"28\/01\/2018","format":false,"excerpt":"Copinage Qui sommes-nous\u00a0? \u00a0 \u00a0 Les valeurs de la CFTC \u00a0 \u00a0 \u00a0 La repr\u00e9sentativit\u00e9 Le syndicat tout-en-un \u00a0 \u00a0 \u00a0 \"Des hommes et des femmes travaillant chez DARTY;\u00a0des vendeurs, des conseillers p\u00f4le service, des hotliners, des techniciens, des livreurs, des agents de ma\u00eetrise...\u00a0\u200b En faisant le m\u00eame m\u00e9tier que\u2026","rel":"","context":"Dans &quot;Accueil&quot;","block_context":{"text":"Accueil","link":"https:\/\/cftc-dartyidf.fr\/index.php\/category\/accueil\/"},"img":{"alt_text":"","src":"https:\/\/i0.wp.com\/cftc-dartyidf.fr\/wp-content\/uploads\/2018\/01\/cftc-dge.png?resize=350%2C200&ssl=1","width":350,"height":200},"classes":[]},{"id":123,"url":"https:\/\/cftc-dartyidf.fr\/index.php\/2016\/11\/09\/mutualisation-offre-demploi-darty-fnac\/","url_meta":{"origin":1408,"position":5},"title":"Mutualisation offres d&#8217;emploi Darty et Fnac","author":"webcsfv","date":"09\/11\/2016","format":false,"excerpt":"Darty et Fnac viennent de mutualiser leurs offres d'emploi afin de permettre de g\u00e9n\u00e9rer plus d'opportunit\u00e9s pour les collaborateurs des deux enseignes. En effet, depuis le 03 novembre les postes \u00e0 pourvoir sont ouverts \u00e0 l'ensemble des salari\u00e9s Darty Fnac et pour y acc\u00e9der ces derniers peuvent toujours utiliser les\u2026","rel":"","context":"Dans &quot;Revue de presse&quot;","block_context":{"text":"Revue de presse","link":"https:\/\/cftc-dartyidf.fr\/index.php\/category\/actualite\/"},"img":{"alt_text":"","src":"https:\/\/i0.wp.com\/cftc-dartyidf.fr\/wp-content\/uploads\/2016\/11\/offre-emploi.jpg?resize=350%2C200&ssl=1","width":350,"height":200},"classes":[]}],"_links":{"self":[{"href":"https:\/\/cftc-dartyidf.fr\/index.php\/wp-json\/wp\/v2\/posts\/1408","targetHints":{"allow":["GET"]}}],"collection":[{"href":"https:\/\/cftc-dartyidf.fr\/index.php\/wp-json\/wp\/v2\/posts"}],"about":[{"href":"https:\/\/cftc-dartyidf.fr\/index.php\/wp-json\/wp\/v2\/types\/post"}],"author":[{"embeddable":true,"href":"https:\/\/cftc-dartyidf.fr\/index.php\/wp-json\/wp\/v2\/users\/1"}],"replies":[{"embeddable":true,"href":"https:\/\/cftc-dartyidf.fr\/index.php\/wp-json\/wp\/v2\/comments?post=1408"}],"version-history":[{"count":2,"href":"https:\/\/cftc-dartyidf.fr\/index.php\/wp-json\/wp\/v2\/posts\/1408\/revisions"}],"predecessor-version":[{"id":1411,"href":"https:\/\/cftc-dartyidf.fr\/index.php\/wp-json\/wp\/v2\/posts\/1408\/revisions\/1411"}],"wp:attachment":[{"href":"https:\/\/cftc-dartyidf.fr\/index.php\/wp-json\/wp\/v2\/media?parent=1408"}],"wp:term":[{"taxonomy":"category","embeddable":true,"href":"https:\/\/cftc-dartyidf.fr\/index.php\/wp-json\/wp\/v2\/categories?post=1408"},{"taxonomy":"post_tag","embeddable":true,"href":"https:\/\/cftc-dartyidf.fr\/index.php\/wp-json\/wp\/v2\/tags?post=1408"}],"curies":[{"name":"wp","href":"https:\/\/api.w.org\/{rel}","templated":true}]}}