{"id":1406,"date":"2018-01-29T10:50:40","date_gmt":"2018-01-29T09:50:40","guid":{"rendered":"https:\/\/cftc-dartyidf.fr\/?p=1406"},"modified":"2018-01-29T11:35:22","modified_gmt":"2018-01-29T10:35:22","slug":"presentation-syndicat-cftc","status":"publish","type":"post","link":"https:\/\/cftc-dartyidf.fr\/index.php\/2018\/01\/29\/presentation-syndicat-cftc\/","title":{"rendered":"Pr\u00e9sentation du syndicat CFTC"},"content":{"rendered":"<p><span class=\"embed-youtube\" style=\"text-align:center; display: block;\"><iframe loading=\"lazy\" class=\"youtube-player\" width=\"1200\" height=\"675\" src=\"https:\/\/www.youtube.com\/embed\/D5AFg7GlAC0?version=3&#038;rel=1&#038;showsearch=0&#038;showinfo=1&#038;iv_load_policy=1&#038;fs=1&#038;hl=fr-FR&#038;autohide=2&#038;wmode=transparent\" allowfullscreen=\"true\" style=\"border:0;\" sandbox=\"allow-scripts allow-same-origin allow-popups allow-presentation allow-popups-to-escape-sandbox\"><\/iframe><\/span><\/p>\n","protected":false},"excerpt":{"rendered":"","protected":false},"author":1,"featured_media":1262,"comment_status":"closed","ping_status":"closed","sticky":false,"template":"","format":"standard","meta":{"generate_page_header":"","_price":"","_stock":"","_tribe_ticket_header":"","_tribe_default_ticket_provider":"","_tribe_ticket_capacity":"0","_ticket_start_date":"","_ticket_end_date":"","_tribe_ticket_show_description":"","_tribe_ticket_show_not_going":false,"_tribe_ticket_use_global_stock":"","_tribe_ticket_global_stock_level":"","_global_stock_mode":"","_global_stock_cap":"","_tribe_rsvp_for_event":"","_tribe_ticket_going_count":"","_tribe_ticket_not_going_count":"","_tribe_tickets_list":"[]","_tribe_ticket_has_attendee_info_fields":false,"jetpack_post_was_ever_published":false,"_jetpack_newsletter_access":"","_jetpack_dont_email_post_to_subs":false,"_jetpack_newsletter_tier_id":0,"_jetpack_memberships_contains_paywalled_content":false,"_jetpack_memberships_contains_paid_content":false,"footnotes":"","jetpack_publicize_message":"","jetpack_publicize_feature_enabled":true,"jetpack_social_post_already_shared":true,"jetpack_social_options":{"image_generator_settings":{"template":"highway","default_image_id":0,"font":"","enabled":false},"version":2}},"categories":[1],"tags":[],"class_list":["post-1406","post","type-post","status-publish","format-standard","has-post-thumbnail","hentry","category-accueil","generate-columns","tablet-grid-50","mobile-grid-100","grid-parent","grid-50","resize-featured-image"],"yoast_head":"<!-- This site is optimized with the Yoast SEO plugin v27.5 - https:\/\/yoast.com\/product\/yoast-seo-wordpress\/ -->\n<title>Pr\u00e9sentation du syndicat CFTC - CFTC-Darty IDF<\/title>\n<meta name=\"robots\" content=\"index, follow, max-snippet:-1, max-image-preview:large, max-video-preview:-1\" \/>\n<link rel=\"canonical\" href=\"https:\/\/cftc-dartyidf.fr\/index.php\/2018\/01\/29\/presentation-syndicat-cftc\/\" \/>\n<meta property=\"og:locale\" content=\"fr_FR\" \/>\n<meta property=\"og:type\" content=\"article\" \/>\n<meta property=\"og:title\" content=\"Pr\u00e9sentation du syndicat CFTC - CFTC-Darty IDF\" \/>\n<meta property=\"og:url\" content=\"https:\/\/cftc-dartyidf.fr\/index.php\/2018\/01\/29\/presentation-syndicat-cftc\/\" \/>\n<meta property=\"og:site_name\" content=\"CFTC-Darty IDF\" \/>\n<meta property=\"article:published_time\" content=\"2018-01-29T09:50:40+00:00\" \/>\n<meta property=\"article:modified_time\" content=\"2018-01-29T10:35:22+00:00\" \/>\n<meta property=\"og:image\" content=\"https:\/\/cftc-dartyidf.fr\/wp-content\/uploads\/2017\/11\/CFTC.png\" \/>\n\t<meta property=\"og:image:width\" content=\"1590\" \/>\n\t<meta property=\"og:image:height\" content=\"886\" \/>\n\t<meta property=\"og:image:type\" content=\"image\/png\" \/>\n<meta name=\"author\" content=\"webcsfv\" \/>\n<meta name=\"twitter:card\" content=\"summary_large_image\" \/>\n<meta name=\"twitter:label1\" content=\"\u00c9crit par\" \/>\n\t<meta name=\"twitter:data1\" content=\"webcsfv\" \/>\n<script type=\"application\/ld+json\" class=\"yoast-schema-graph\">{\"@context\":\"https:\\\/\\\/schema.org\",\"@graph\":[{\"@type\":\"Article\",\"@id\":\"https:\\\/\\\/cftc-dartyidf.fr\\\/index.php\\\/2018\\\/01\\\/29\\\/presentation-syndicat-cftc\\\/#article\",\"isPartOf\":{\"@id\":\"https:\\\/\\\/cftc-dartyidf.fr\\\/index.php\\\/2018\\\/01\\\/29\\\/presentation-syndicat-cftc\\\/\"},\"author\":{\"name\":\"webcsfv\",\"@id\":\"https:\\\/\\\/cftc-dartyidf.fr\\\/#\\\/schema\\\/person\\\/71ee82537a022b7e374bcb7943ef2cd2\"},\"headline\":\"Pr\u00e9sentation du syndicat CFTC\",\"datePublished\":\"2018-01-29T09:50:40+00:00\",\"dateModified\":\"2018-01-29T10:35:22+00:00\",\"mainEntityOfPage\":{\"@id\":\"https:\\\/\\\/cftc-dartyidf.fr\\\/index.php\\\/2018\\\/01\\\/29\\\/presentation-syndicat-cftc\\\/\"},\"wordCount\":14,\"image\":{\"@id\":\"https:\\\/\\\/cftc-dartyidf.fr\\\/index.php\\\/2018\\\/01\\\/29\\\/presentation-syndicat-cftc\\\/#primaryimage\"},\"thumbnailUrl\":\"https:\\\/\\\/cftc-dartyidf.fr\\\/wp-content\\\/uploads\\\/2017\\\/11\\\/CFTC.png\",\"articleSection\":[\"Accueil\"],\"inLanguage\":\"fr-FR\"},{\"@type\":\"WebPage\",\"@id\":\"https:\\\/\\\/cftc-dartyidf.fr\\\/index.php\\\/2018\\\/01\\\/29\\\/presentation-syndicat-cftc\\\/\",\"url\":\"https:\\\/\\\/cftc-dartyidf.fr\\\/index.php\\\/2018\\\/01\\\/29\\\/presentation-syndicat-cftc\\\/\",\"name\":\"Pr\u00e9sentation du syndicat CFTC - CFTC-Darty IDF\",\"isPartOf\":{\"@id\":\"https:\\\/\\\/cftc-dartyidf.fr\\\/#website\"},\"primaryImageOfPage\":{\"@id\":\"https:\\\/\\\/cftc-dartyidf.fr\\\/index.php\\\/2018\\\/01\\\/29\\\/presentation-syndicat-cftc\\\/#primaryimage\"},\"image\":{\"@id\":\"https:\\\/\\\/cftc-dartyidf.fr\\\/index.php\\\/2018\\\/01\\\/29\\\/presentation-syndicat-cftc\\\/#primaryimage\"},\"thumbnailUrl\":\"https:\\\/\\\/cftc-dartyidf.fr\\\/wp-content\\\/uploads\\\/2017\\\/11\\\/CFTC.png\",\"datePublished\":\"2018-01-29T09:50:40+00:00\",\"dateModified\":\"2018-01-29T10:35:22+00:00\",\"author\":{\"@id\":\"https:\\\/\\\/cftc-dartyidf.fr\\\/#\\\/schema\\\/person\\\/71ee82537a022b7e374bcb7943ef2cd2\"},\"breadcrumb\":{\"@id\":\"https:\\\/\\\/cftc-dartyidf.fr\\\/index.php\\\/2018\\\/01\\\/29\\\/presentation-syndicat-cftc\\\/#breadcrumb\"},\"inLanguage\":\"fr-FR\",\"potentialAction\":[{\"@type\":\"ReadAction\",\"target\":[\"https:\\\/\\\/cftc-dartyidf.fr\\\/index.php\\\/2018\\\/01\\\/29\\\/presentation-syndicat-cftc\\\/\"]}]},{\"@type\":\"ImageObject\",\"inLanguage\":\"fr-FR\",\"@id\":\"https:\\\/\\\/cftc-dartyidf.fr\\\/index.php\\\/2018\\\/01\\\/29\\\/presentation-syndicat-cftc\\\/#primaryimage\",\"url\":\"https:\\\/\\\/cftc-dartyidf.fr\\\/wp-content\\\/uploads\\\/2017\\\/11\\\/CFTC.png\",\"contentUrl\":\"https:\\\/\\\/cftc-dartyidf.fr\\\/wp-content\\\/uploads\\\/2017\\\/11\\\/CFTC.png\",\"width\":1590,\"height\":886},{\"@type\":\"BreadcrumbList\",\"@id\":\"https:\\\/\\\/cftc-dartyidf.fr\\\/index.php\\\/2018\\\/01\\\/29\\\/presentation-syndicat-cftc\\\/#breadcrumb\",\"itemListElement\":[{\"@type\":\"ListItem\",\"position\":1,\"name\":\"Accueil\",\"item\":\"https:\\\/\\\/cftc-dartyidf.fr\\\/\"},{\"@type\":\"ListItem\",\"position\":2,\"name\":\"Pr\u00e9sentation du syndicat CFTC\"}]},{\"@type\":\"WebSite\",\"@id\":\"https:\\\/\\\/cftc-dartyidf.fr\\\/#website\",\"url\":\"https:\\\/\\\/cftc-dartyidf.fr\\\/\",\"name\":\"CFTC-Darty IDF\",\"description\":\"Le site de la section syndicale CFTC chez Darty IDF\",\"potentialAction\":[{\"@type\":\"SearchAction\",\"target\":{\"@type\":\"EntryPoint\",\"urlTemplate\":\"https:\\\/\\\/cftc-dartyidf.fr\\\/?s={search_term_string}\"},\"query-input\":{\"@type\":\"PropertyValueSpecification\",\"valueRequired\":true,\"valueName\":\"search_term_string\"}}],\"inLanguage\":\"fr-FR\"},{\"@type\":\"Person\",\"@id\":\"https:\\\/\\\/cftc-dartyidf.fr\\\/#\\\/schema\\\/person\\\/71ee82537a022b7e374bcb7943ef2cd2\",\"name\":\"webcsfv\",\"image\":{\"@type\":\"ImageObject\",\"inLanguage\":\"fr-FR\",\"@id\":\"https:\\\/\\\/secure.gravatar.com\\\/avatar\\\/3d8bf08c8feaca537ce41c2b95cec6c85a8036a1687877b5eb7cb09dcb9b6f06?s=96&d=mm&r=g\",\"url\":\"https:\\\/\\\/secure.gravatar.com\\\/avatar\\\/3d8bf08c8feaca537ce41c2b95cec6c85a8036a1687877b5eb7cb09dcb9b6f06?s=96&d=mm&r=g\",\"contentUrl\":\"https:\\\/\\\/secure.gravatar.com\\\/avatar\\\/3d8bf08c8feaca537ce41c2b95cec6c85a8036a1687877b5eb7cb09dcb9b6f06?s=96&d=mm&r=g\",\"caption\":\"webcsfv\"},\"url\":\"https:\\\/\\\/cftc-dartyidf.fr\\\/index.php\\\/author\\\/webcsfv\\\/\"}]}<\/script>\n<!-- \/ Yoast SEO plugin. -->","yoast_head_json":{"title":"Pr\u00e9sentation du syndicat CFTC - CFTC-Darty IDF","robots":{"index":"index","follow":"follow","max-snippet":"max-snippet:-1","max-image-preview":"max-image-preview:large","max-video-preview":"max-video-preview:-1"},"canonical":"https:\/\/cftc-dartyidf.fr\/index.php\/2018\/01\/29\/presentation-syndicat-cftc\/","og_locale":"fr_FR","og_type":"article","og_title":"Pr\u00e9sentation du syndicat CFTC - CFTC-Darty IDF","og_url":"https:\/\/cftc-dartyidf.fr\/index.php\/2018\/01\/29\/presentation-syndicat-cftc\/","og_site_name":"CFTC-Darty IDF","article_published_time":"2018-01-29T09:50:40+00:00","article_modified_time":"2018-01-29T10:35:22+00:00","og_image":[{"width":1590,"height":886,"url":"https:\/\/cftc-dartyidf.fr\/wp-content\/uploads\/2017\/11\/CFTC.png","type":"image\/png"}],"author":"webcsfv","twitter_card":"summary_large_image","twitter_misc":{"\u00c9crit par":"webcsfv"},"schema":{"@context":"https:\/\/schema.org","@graph":[{"@type":"Article","@id":"https:\/\/cftc-dartyidf.fr\/index.php\/2018\/01\/29\/presentation-syndicat-cftc\/#article","isPartOf":{"@id":"https:\/\/cftc-dartyidf.fr\/index.php\/2018\/01\/29\/presentation-syndicat-cftc\/"},"author":{"name":"webcsfv","@id":"https:\/\/cftc-dartyidf.fr\/#\/schema\/person\/71ee82537a022b7e374bcb7943ef2cd2"},"headline":"Pr\u00e9sentation du syndicat CFTC","datePublished":"2018-01-29T09:50:40+00:00","dateModified":"2018-01-29T10:35:22+00:00","mainEntityOfPage":{"@id":"https:\/\/cftc-dartyidf.fr\/index.php\/2018\/01\/29\/presentation-syndicat-cftc\/"},"wordCount":14,"image":{"@id":"https:\/\/cftc-dartyidf.fr\/index.php\/2018\/01\/29\/presentation-syndicat-cftc\/#primaryimage"},"thumbnailUrl":"https:\/\/cftc-dartyidf.fr\/wp-content\/uploads\/2017\/11\/CFTC.png","articleSection":["Accueil"],"inLanguage":"fr-FR"},{"@type":"WebPage","@id":"https:\/\/cftc-dartyidf.fr\/index.php\/2018\/01\/29\/presentation-syndicat-cftc\/","url":"https:\/\/cftc-dartyidf.fr\/index.php\/2018\/01\/29\/presentation-syndicat-cftc\/","name":"Pr\u00e9sentation du syndicat CFTC - CFTC-Darty IDF","isPartOf":{"@id":"https:\/\/cftc-dartyidf.fr\/#website"},"primaryImageOfPage":{"@id":"https:\/\/cftc-dartyidf.fr\/index.php\/2018\/01\/29\/presentation-syndicat-cftc\/#primaryimage"},"image":{"@id":"https:\/\/cftc-dartyidf.fr\/index.php\/2018\/01\/29\/presentation-syndicat-cftc\/#primaryimage"},"thumbnailUrl":"https:\/\/cftc-dartyidf.fr\/wp-content\/uploads\/2017\/11\/CFTC.png","datePublished":"2018-01-29T09:50:40+00:00","dateModified":"2018-01-29T10:35:22+00:00","author":{"@id":"https:\/\/cftc-dartyidf.fr\/#\/schema\/person\/71ee82537a022b7e374bcb7943ef2cd2"},"breadcrumb":{"@id":"https:\/\/cftc-dartyidf.fr\/index.php\/2018\/01\/29\/presentation-syndicat-cftc\/#breadcrumb"},"inLanguage":"fr-FR","potentialAction":[{"@type":"ReadAction","target":["https:\/\/cftc-dartyidf.fr\/index.php\/2018\/01\/29\/presentation-syndicat-cftc\/"]}]},{"@type":"ImageObject","inLanguage":"fr-FR","@id":"https:\/\/cftc-dartyidf.fr\/index.php\/2018\/01\/29\/presentation-syndicat-cftc\/#primaryimage","url":"https:\/\/cftc-dartyidf.fr\/wp-content\/uploads\/2017\/11\/CFTC.png","contentUrl":"https:\/\/cftc-dartyidf.fr\/wp-content\/uploads\/2017\/11\/CFTC.png","width":1590,"height":886},{"@type":"BreadcrumbList","@id":"https:\/\/cftc-dartyidf.fr\/index.php\/2018\/01\/29\/presentation-syndicat-cftc\/#breadcrumb","itemListElement":[{"@type":"ListItem","position":1,"name":"Accueil","item":"https:\/\/cftc-dartyidf.fr\/"},{"@type":"ListItem","position":2,"name":"Pr\u00e9sentation du syndicat CFTC"}]},{"@type":"WebSite","@id":"https:\/\/cftc-dartyidf.fr\/#website","url":"https:\/\/cftc-dartyidf.fr\/","name":"CFTC-Darty IDF","description":"Le site de la section syndicale CFTC chez Darty IDF","potentialAction":[{"@type":"SearchAction","target":{"@type":"EntryPoint","urlTemplate":"https:\/\/cftc-dartyidf.fr\/?s={search_term_string}"},"query-input":{"@type":"PropertyValueSpecification","valueRequired":true,"valueName":"search_term_string"}}],"inLanguage":"fr-FR"},{"@type":"Person","@id":"https:\/\/cftc-dartyidf.fr\/#\/schema\/person\/71ee82537a022b7e374bcb7943ef2cd2","name":"webcsfv","image":{"@type":"ImageObject","inLanguage":"fr-FR","@id":"https:\/\/secure.gravatar.com\/avatar\/3d8bf08c8feaca537ce41c2b95cec6c85a8036a1687877b5eb7cb09dcb9b6f06?s=96&d=mm&r=g","url":"https:\/\/secure.gravatar.com\/avatar\/3d8bf08c8feaca537ce41c2b95cec6c85a8036a1687877b5eb7cb09dcb9b6f06?s=96&d=mm&r=g","contentUrl":"https:\/\/secure.gravatar.com\/avatar\/3d8bf08c8feaca537ce41c2b95cec6c85a8036a1687877b5eb7cb09dcb9b6f06?s=96&d=mm&r=g","caption":"webcsfv"},"url":"https:\/\/cftc-dartyidf.fr\/index.php\/author\/webcsfv\/"}]}},"jetpack_publicize_connections":[],"jetpack_featured_media_url":"https:\/\/cftc-dartyidf.fr\/wp-content\/uploads\/2017\/11\/CFTC.png","jetpack_sharing_enabled":true,"jetpack_shortlink":"https:\/\/wp.me\/p8n98f-mG","jetpack-related-posts":[{"id":1442,"url":"https:\/\/cftc-dartyidf.fr\/index.php\/2018\/02\/14\/travail-dimanche-cftc\/","url_meta":{"origin":1406,"position":0},"title":"Travail dimanche &#8211; CFTC","author":"webcsfv","date":"14\/02\/2018","format":false,"excerpt":"Durant la conf\u00e9rence du Collectif de d\u00e9fense du dimanche \u00e0 la Bourse du Travail \u00e0 Paris, intervention du Pr\u00e9sident de l'UD Paris de la CFTC, Joseph Thouvenel - Reportage RVPB https:\/\/www.youtube.com\/watch?v=aLsvejKqqF4 \u00a0","rel":"","context":"Dans &quot;Accueil&quot;","block_context":{"text":"Accueil","link":"https:\/\/cftc-dartyidf.fr\/index.php\/category\/accueil\/"},"img":{"alt_text":"","src":"https:\/\/i0.wp.com\/cftc-dartyidf.fr\/wp-content\/uploads\/2018\/02\/dimanchecftc.jpg?resize=350%2C200&ssl=1","width":350,"height":200},"classes":[]},{"id":1525,"url":"https:\/\/cftc-dartyidf.fr\/index.php\/2018\/04\/04\/elle\/","url_meta":{"origin":1406,"position":1},"title":"Elle","author":"webcsfv","date":"04\/04\/2018","format":false,"excerpt":"https:\/\/www.youtube.com\/watch?v=TpF_E_7_uQ0&feature=youtu.be","rel":"","context":"Dans &quot;Accueil&quot;","block_context":{"text":"Accueil","link":"https:\/\/cftc-dartyidf.fr\/index.php\/category\/accueil\/"},"img":{"alt_text":"","src":"https:\/\/i0.wp.com\/cftc-dartyidf.fr\/wp-content\/uploads\/2018\/04\/ellecftc.png?resize=350%2C200&ssl=1","width":350,"height":200,"srcset":"https:\/\/i0.wp.com\/cftc-dartyidf.fr\/wp-content\/uploads\/2018\/04\/ellecftc.png?resize=350%2C200&ssl=1 1x, https:\/\/i0.wp.com\/cftc-dartyidf.fr\/wp-content\/uploads\/2018\/04\/ellecftc.png?resize=525%2C300&ssl=1 1.5x, https:\/\/i0.wp.com\/cftc-dartyidf.fr\/wp-content\/uploads\/2018\/04\/ellecftc.png?resize=700%2C400&ssl=1 2x, https:\/\/i0.wp.com\/cftc-dartyidf.fr\/wp-content\/uploads\/2018\/04\/ellecftc.png?resize=1050%2C600&ssl=1 3x"},"classes":[]},{"id":1408,"url":"https:\/\/cftc-dartyidf.fr\/index.php\/2018\/01\/29\/fnac-darty-investor-day\/","url_meta":{"origin":1406,"position":2},"title":"Fnac Darty &#8211; Investor Day (vid\u00e9o)","author":"webcsfv","date":"29\/01\/2018","format":false,"excerpt":"https:\/\/www.youtube.com\/watch?v=F9WUcKiH4Zg","rel":"","context":"Dans &quot;Accueil&quot;","block_context":{"text":"Accueil","link":"https:\/\/cftc-dartyidf.fr\/index.php\/category\/accueil\/"},"img":{"alt_text":"","src":"https:\/\/i0.wp.com\/img.youtube.com\/vi\/F9WUcKiH4Zg\/0.jpg?resize=350%2C200","width":350,"height":200},"classes":[]},{"id":1604,"url":"https:\/\/cftc-dartyidf.fr\/index.php\/2018\/06\/14\/comment-definir-laction-syndicale-en-france\/","url_meta":{"origin":1406,"position":3},"title":"Comment d\u00e9finir l&#8217;action syndicale en France ?","author":"webcsfv","date":"14\/06\/2018","format":false,"excerpt":"https:\/\/www.youtube.com\/watch?v=_BWIMCxRXT0","rel":"","context":"Dans &quot;Accueil&quot;","block_context":{"text":"Accueil","link":"https:\/\/cftc-dartyidf.fr\/index.php\/category\/accueil\/"},"img":{"alt_text":"","src":"https:\/\/i0.wp.com\/img.youtube.com\/vi\/_BWIMCxRXT0\/0.jpg?resize=350%2C200","width":350,"height":200},"classes":[]},{"id":1400,"url":"https:\/\/cftc-dartyidf.fr\/index.php\/2018\/01\/28\/nouveau-site\/","url_meta":{"origin":1406,"position":4},"title":"Nouveau site","author":"webcsfv","date":"28\/01\/2018","format":false,"excerpt":"Copinage Qui sommes-nous\u00a0? \u00a0 \u00a0 Les valeurs de la CFTC \u00a0 \u00a0 \u00a0 La repr\u00e9sentativit\u00e9 Le syndicat tout-en-un \u00a0 \u00a0 \u00a0 \"Des hommes et des femmes travaillant chez DARTY;\u00a0des vendeurs, des conseillers p\u00f4le service, des hotliners, des techniciens, des livreurs, des agents de ma\u00eetrise...\u00a0\u200b En faisant le m\u00eame m\u00e9tier que\u2026","rel":"","context":"Dans &quot;Accueil&quot;","block_context":{"text":"Accueil","link":"https:\/\/cftc-dartyidf.fr\/index.php\/category\/accueil\/"},"img":{"alt_text":"","src":"https:\/\/i0.wp.com\/cftc-dartyidf.fr\/wp-content\/uploads\/2018\/01\/cftc-dge.png?resize=350%2C200&ssl=1","width":350,"height":200},"classes":[]},{"id":1377,"url":"https:\/\/cftc-dartyidf.fr\/index.php\/2018\/01\/25\/adhesion\/","url_meta":{"origin":1406,"position":5},"title":"Adh\u00e9sion","author":"webcsfv","date":"25\/01\/2018","format":false,"excerpt":"Bienvenue ! Vous vous reconnaissez dans les valeurs pr\u00f4n\u00e9es par la CFTC. Ces valeurs fondent une conception unique du syndicalisme, bas\u00e9e sur le dialogue et la recherche de solutions nouvelles : le syndicalisme constructif. Convaincu ? Pour adh\u00e9rer, trouvez la CFTC qui vous correspond. Pour la CFTC, vous \u00eates un\u2026","rel":"","context":"Dans &quot;Accueil&quot;","block_context":{"text":"Accueil","link":"https:\/\/cftc-dartyidf.fr\/index.php\/category\/accueil\/"},"img":{"alt_text":"","src":"https:\/\/i0.wp.com\/cftc-dartyidf.fr\/wp-content\/uploads\/2017\/11\/CFTC.png?resize=350%2C200&ssl=1","width":350,"height":200,"srcset":"https:\/\/i0.wp.com\/cftc-dartyidf.fr\/wp-content\/uploads\/2017\/11\/CFTC.png?resize=350%2C200&ssl=1 1x, https:\/\/i0.wp.com\/cftc-dartyidf.fr\/wp-content\/uploads\/2017\/11\/CFTC.png?resize=525%2C300&ssl=1 1.5x, https:\/\/i0.wp.com\/cftc-dartyidf.fr\/wp-content\/uploads\/2017\/11\/CFTC.png?resize=700%2C400&ssl=1 2x, https:\/\/i0.wp.com\/cftc-dartyidf.fr\/wp-content\/uploads\/2017\/11\/CFTC.png?resize=1050%2C600&ssl=1 3x, https:\/\/i0.wp.com\/cftc-dartyidf.fr\/wp-content\/uploads\/2017\/11\/CFTC.png?resize=1400%2C800&ssl=1 4x"},"classes":[]}],"_links":{"self":[{"href":"https:\/\/cftc-dartyidf.fr\/index.php\/wp-json\/wp\/v2\/posts\/1406","targetHints":{"allow":["GET"]}}],"collection":[{"href":"https:\/\/cftc-dartyidf.fr\/index.php\/wp-json\/wp\/v2\/posts"}],"about":[{"href":"https:\/\/cftc-dartyidf.fr\/index.php\/wp-json\/wp\/v2\/types\/post"}],"author":[{"embeddable":true,"href":"https:\/\/cftc-dartyidf.fr\/index.php\/wp-json\/wp\/v2\/users\/1"}],"replies":[{"embeddable":true,"href":"https:\/\/cftc-dartyidf.fr\/index.php\/wp-json\/wp\/v2\/comments?post=1406"}],"version-history":[{"count":1,"href":"https:\/\/cftc-dartyidf.fr\/index.php\/wp-json\/wp\/v2\/posts\/1406\/revisions"}],"predecessor-version":[{"id":1407,"href":"https:\/\/cftc-dartyidf.fr\/index.php\/wp-json\/wp\/v2\/posts\/1406\/revisions\/1407"}],"wp:featuredmedia":[{"embeddable":true,"href":"https:\/\/cftc-dartyidf.fr\/index.php\/wp-json\/wp\/v2\/media\/1262"}],"wp:attachment":[{"href":"https:\/\/cftc-dartyidf.fr\/index.php\/wp-json\/wp\/v2\/media?parent=1406"}],"wp:term":[{"taxonomy":"category","embeddable":true,"href":"https:\/\/cftc-dartyidf.fr\/index.php\/wp-json\/wp\/v2\/categories?post=1406"},{"taxonomy":"post_tag","embeddable":true,"href":"https:\/\/cftc-dartyidf.fr\/index.php\/wp-json\/wp\/v2\/tags?post=1406"}],"curies":[{"name":"wp","href":"https:\/\/api.w.org\/{rel}","templated":true}]}}