{"id":1291,"date":"2017-12-10T00:29:48","date_gmt":"2017-12-09T23:29:48","guid":{"rendered":"https:\/\/cftc-dartyidf.fr\/?p=1291"},"modified":"2017-12-10T00:31:22","modified_gmt":"2017-12-09T23:31:22","slug":"enrique-martinez-fnac-darty-carrefour-allons-etre-plus-puissants","status":"publish","type":"post","link":"https:\/\/cftc-dartyidf.fr\/index.php\/2017\/12\/10\/enrique-martinez-fnac-darty-carrefour-allons-etre-plus-puissants\/","title":{"rendered":"Enrique Martinez (Fnac Darty) : &#8220;Avec Carrefour, nous allons \u00eatre encore plus puissants&#8221;"},"content":{"rendered":"<p><strong>Enrique Martinez, directeur g\u00e9n\u00e9ral de Fnac Darty, \u00e9tait L&#8217;invit\u00e9 de l&#8217;interview \u00e9co mardi pour \u00e9voquer l&#8217;alliance sign\u00e9e avec le groupe Carrefour. Ils n\u00e9gocieront ensemble l&#8217;achat de leurs produits \u00e9lectrom\u00e9nagers et \u00e9lectroniques grand public en France.<\/strong><\/p>\n<p>Les groupes Fnac Darty et Carrefour ont sign\u00e9 mardi 5 d\u00e9cembre une alliance pour n\u00e9gocier ensemble leurs achats de produits \u00e9lectrom\u00e9nagers et \u00e9lectroniques grand public en France, au lendemain de l&#8217;annonce de l&#8217;ouverture de 200 magasins Fnac Darty en franchise dans les prochaines ann\u00e9es.<br \/>\nEnrique Martinez, le directeur g\u00e9n\u00e9ral de Fnac Darty, \u00e9tait l&#8217;invit\u00e9 de L&#8217;interview \u00e9co de franceinfo. Il estime qu'&#8221;avec Carrefour, nous allons \u00eatre encore plus puissants&#8221;.<br \/>\nfranceinfo : Que va vous apporter cette alliance avec le groupe Carrefour ?<br \/>\nEnrique Martinez : C&#8217;est un \u00e9norme honneur pour la Fnac Darty d&#8217;avoir b\u00e2ti cet accord avec un industriel de la taille de Carrefour, r\u00e9f\u00e9rence mondiale du commerce. Cela va nous permettre d&#8217;\u00eatre ensemble encore plus forts, plus puissants et pouvoir proposer dans l&#8217;avenir d&#8217;\u00e9normes opportunit\u00e9s de croissance pour nos partenaires.<br \/>\nAllez-vous faire pression sur les prix aupr\u00e8s de vos fournisseurs ?<br \/>\nNon, on est tr\u00e8s forts sur la proposition de prix pour nos consommateurs et on accompagne aussi nos partenaires. On va discuter avec nos fournisseurs la mani\u00e8re dont on va donner de la valeur \u00e0 ces march\u00e9s. Forc\u00e9ment, nous aurons des exigences. L&#8217;int\u00e9gration de la Fnac avec Darty a montr\u00e9 que tout le monde s&#8217;y retrouve aujourd&#8217;hui et la croissance que l&#8217;on porte aujourd&#8217;hui paye les efforts que nos partenaires ont fournis.<br \/>\nAllez-vous continuer \u00e0 supprimer des postes ?<br \/>\nQuand on regarde ces derniers temps, des efforts ont \u00e9t\u00e9 faits. On a d\u00fb adapter nos effectifs mais d&#8217;une mani\u00e8re tr\u00e8s marginale. Aujourd&#8217;hui, on a 25 000 collaborateurs dans le groupe. Pour un groupe de notre taille, je pense qu&#8217;on a une \u00e9quipe tr\u00e8s large et qu&#8217;on compte garder avec nous parce que \u00e7a fait partie de nos actifs majeurs. On est en train de cr\u00e9er de l&#8217;emploi gr\u00e2ce \u00e0 notre plan confiance plus.<\/p>\n<p><a href=\"https:\/\/www.dailymotion.com\/video\/x6b481c\"><\/a><\/p>\n","protected":false},"excerpt":{"rendered":"<p>Enrique Martinez, directeur g\u00e9n\u00e9ral de Fnac Darty, \u00e9tait L&#8217;invit\u00e9 de l&#8217;interview \u00e9co mardi pour \u00e9voquer l&#8217;alliance sign\u00e9e avec le groupe Carrefour. Ils n\u00e9gocieront ensemble l&#8217;achat de leurs produits \u00e9lectrom\u00e9nagers et &#8230; <a title=\"Enrique Martinez (Fnac Darty) : &#8220;Avec Carrefour, nous allons \u00eatre encore plus puissants&#8221;\" class=\"read-more\" href=\"https:\/\/cftc-dartyidf.fr\/index.php\/2017\/12\/10\/enrique-martinez-fnac-darty-carrefour-allons-etre-plus-puissants\/\" aria-label=\"En savoir plus sur Enrique Martinez (Fnac Darty) : &#8220;Avec Carrefour, nous allons \u00eatre encore plus puissants&#8221;\">Lire plus<\/a><\/p>\n","protected":false},"author":1,"featured_media":0,"comment_status":"closed","ping_status":"closed","sticky":false,"template":"","format":"standard","meta":{"generate_page_header":"","_price":"","_stock":"","_tribe_ticket_header":"","_tribe_default_ticket_provider":"","_tribe_ticket_capacity":"0","_ticket_start_date":"","_ticket_end_date":"","_tribe_ticket_show_description":"","_tribe_ticket_show_not_going":false,"_tribe_ticket_use_global_stock":"","_tribe_ticket_global_stock_level":"","_global_stock_mode":"","_global_stock_cap":"","_tribe_rsvp_for_event":"","_tribe_ticket_going_count":"","_tribe_ticket_not_going_count":"","_tribe_tickets_list":"[]","_tribe_ticket_has_attendee_info_fields":false,"jetpack_post_was_ever_published":false,"_jetpack_newsletter_access":"","_jetpack_dont_email_post_to_subs":false,"_jetpack_newsletter_tier_id":0,"_jetpack_memberships_contains_paywalled_content":false,"_jetpack_memberships_contains_paid_content":false,"footnotes":"","jetpack_publicize_message":"","jetpack_publicize_feature_enabled":true,"jetpack_social_post_already_shared":true,"jetpack_social_options":{"image_generator_settings":{"template":"highway","default_image_id":0,"font":"","enabled":false},"version":2}},"categories":[1],"tags":[],"class_list":["post-1291","post","type-post","status-publish","format-standard","hentry","category-accueil","generate-columns","tablet-grid-50","mobile-grid-100","grid-parent","grid-50"],"yoast_head":"<!-- This site is optimized with the Yoast SEO plugin v27.5 - https:\/\/yoast.com\/product\/yoast-seo-wordpress\/ -->\n<title>Enrique Martinez (Fnac Darty) : &quot;Avec Carrefour, nous allons \u00eatre encore plus puissants&quot; - CFTC-Darty IDF<\/title>\n<meta name=\"robots\" content=\"index, follow, max-snippet:-1, max-image-preview:large, max-video-preview:-1\" \/>\n<link rel=\"canonical\" href=\"https:\/\/cftc-dartyidf.fr\/index.php\/2017\/12\/10\/enrique-martinez-fnac-darty-carrefour-allons-etre-plus-puissants\/\" \/>\n<meta property=\"og:locale\" content=\"fr_FR\" \/>\n<meta property=\"og:type\" content=\"article\" \/>\n<meta property=\"og:title\" content=\"Enrique Martinez (Fnac Darty) : &quot;Avec Carrefour, nous allons \u00eatre encore plus puissants&quot; - CFTC-Darty IDF\" \/>\n<meta property=\"og:description\" content=\"Enrique Martinez, directeur g\u00e9n\u00e9ral de Fnac Darty, \u00e9tait L&#8217;invit\u00e9 de l&#8217;interview \u00e9co mardi pour \u00e9voquer l&#8217;alliance sign\u00e9e avec le groupe Carrefour. Ils n\u00e9gocieront ensemble l&#8217;achat de leurs produits \u00e9lectrom\u00e9nagers et ... Lire plus\" \/>\n<meta property=\"og:url\" content=\"https:\/\/cftc-dartyidf.fr\/index.php\/2017\/12\/10\/enrique-martinez-fnac-darty-carrefour-allons-etre-plus-puissants\/\" \/>\n<meta property=\"og:site_name\" content=\"CFTC-Darty IDF\" \/>\n<meta property=\"article:published_time\" content=\"2017-12-09T23:29:48+00:00\" \/>\n<meta property=\"article:modified_time\" content=\"2017-12-09T23:31:22+00:00\" \/>\n<meta property=\"og:image\" content=\"https:\/\/cftc-dartyidf.fr\/wp-content\/uploads\/2017\/12\/martinez.jpg\" \/>\n\t<meta property=\"og:image:width\" content=\"580\" \/>\n\t<meta property=\"og:image:height\" content=\"326\" \/>\n\t<meta property=\"og:image:type\" content=\"image\/jpeg\" \/>\n<meta name=\"author\" content=\"webcsfv\" \/>\n<meta name=\"twitter:card\" content=\"summary_large_image\" \/>\n<meta name=\"twitter:label1\" content=\"\u00c9crit par\" \/>\n\t<meta name=\"twitter:data1\" content=\"webcsfv\" \/>\n\t<meta name=\"twitter:label2\" content=\"Dur\u00e9e de lecture estim\u00e9e\" \/>\n\t<meta name=\"twitter:data2\" content=\"2 minutes\" \/>\n<script type=\"application\/ld+json\" class=\"yoast-schema-graph\">{\"@context\":\"https:\\\/\\\/schema.org\",\"@graph\":[{\"@type\":\"Article\",\"@id\":\"https:\\\/\\\/cftc-dartyidf.fr\\\/index.php\\\/2017\\\/12\\\/10\\\/enrique-martinez-fnac-darty-carrefour-allons-etre-plus-puissants\\\/#article\",\"isPartOf\":{\"@id\":\"https:\\\/\\\/cftc-dartyidf.fr\\\/index.php\\\/2017\\\/12\\\/10\\\/enrique-martinez-fnac-darty-carrefour-allons-etre-plus-puissants\\\/\"},\"author\":{\"name\":\"webcsfv\",\"@id\":\"https:\\\/\\\/cftc-dartyidf.fr\\\/#\\\/schema\\\/person\\\/71ee82537a022b7e374bcb7943ef2cd2\"},\"headline\":\"Enrique Martinez (Fnac Darty) : &#8220;Avec Carrefour, nous allons \u00eatre encore plus puissants&#8221;\",\"datePublished\":\"2017-12-09T23:29:48+00:00\",\"dateModified\":\"2017-12-09T23:31:22+00:00\",\"mainEntityOfPage\":{\"@id\":\"https:\\\/\\\/cftc-dartyidf.fr\\\/index.php\\\/2017\\\/12\\\/10\\\/enrique-martinez-fnac-darty-carrefour-allons-etre-plus-puissants\\\/\"},\"wordCount\":360,\"articleSection\":[\"Accueil\"],\"inLanguage\":\"fr-FR\"},{\"@type\":\"WebPage\",\"@id\":\"https:\\\/\\\/cftc-dartyidf.fr\\\/index.php\\\/2017\\\/12\\\/10\\\/enrique-martinez-fnac-darty-carrefour-allons-etre-plus-puissants\\\/\",\"url\":\"https:\\\/\\\/cftc-dartyidf.fr\\\/index.php\\\/2017\\\/12\\\/10\\\/enrique-martinez-fnac-darty-carrefour-allons-etre-plus-puissants\\\/\",\"name\":\"Enrique Martinez (Fnac Darty) : \\\"Avec Carrefour, nous allons \u00eatre encore plus puissants\\\" - CFTC-Darty IDF\",\"isPartOf\":{\"@id\":\"https:\\\/\\\/cftc-dartyidf.fr\\\/#website\"},\"datePublished\":\"2017-12-09T23:29:48+00:00\",\"dateModified\":\"2017-12-09T23:31:22+00:00\",\"author\":{\"@id\":\"https:\\\/\\\/cftc-dartyidf.fr\\\/#\\\/schema\\\/person\\\/71ee82537a022b7e374bcb7943ef2cd2\"},\"breadcrumb\":{\"@id\":\"https:\\\/\\\/cftc-dartyidf.fr\\\/index.php\\\/2017\\\/12\\\/10\\\/enrique-martinez-fnac-darty-carrefour-allons-etre-plus-puissants\\\/#breadcrumb\"},\"inLanguage\":\"fr-FR\",\"potentialAction\":[{\"@type\":\"ReadAction\",\"target\":[\"https:\\\/\\\/cftc-dartyidf.fr\\\/index.php\\\/2017\\\/12\\\/10\\\/enrique-martinez-fnac-darty-carrefour-allons-etre-plus-puissants\\\/\"]}]},{\"@type\":\"BreadcrumbList\",\"@id\":\"https:\\\/\\\/cftc-dartyidf.fr\\\/index.php\\\/2017\\\/12\\\/10\\\/enrique-martinez-fnac-darty-carrefour-allons-etre-plus-puissants\\\/#breadcrumb\",\"itemListElement\":[{\"@type\":\"ListItem\",\"position\":1,\"name\":\"Accueil\",\"item\":\"https:\\\/\\\/cftc-dartyidf.fr\\\/\"},{\"@type\":\"ListItem\",\"position\":2,\"name\":\"Enrique Martinez (Fnac Darty) : &#8220;Avec Carrefour, nous allons \u00eatre encore plus puissants&#8221;\"}]},{\"@type\":\"WebSite\",\"@id\":\"https:\\\/\\\/cftc-dartyidf.fr\\\/#website\",\"url\":\"https:\\\/\\\/cftc-dartyidf.fr\\\/\",\"name\":\"CFTC-Darty IDF\",\"description\":\"Le site de la section syndicale CFTC chez Darty IDF\",\"potentialAction\":[{\"@type\":\"SearchAction\",\"target\":{\"@type\":\"EntryPoint\",\"urlTemplate\":\"https:\\\/\\\/cftc-dartyidf.fr\\\/?s={search_term_string}\"},\"query-input\":{\"@type\":\"PropertyValueSpecification\",\"valueRequired\":true,\"valueName\":\"search_term_string\"}}],\"inLanguage\":\"fr-FR\"},{\"@type\":\"Person\",\"@id\":\"https:\\\/\\\/cftc-dartyidf.fr\\\/#\\\/schema\\\/person\\\/71ee82537a022b7e374bcb7943ef2cd2\",\"name\":\"webcsfv\",\"image\":{\"@type\":\"ImageObject\",\"inLanguage\":\"fr-FR\",\"@id\":\"https:\\\/\\\/secure.gravatar.com\\\/avatar\\\/3d8bf08c8feaca537ce41c2b95cec6c85a8036a1687877b5eb7cb09dcb9b6f06?s=96&d=mm&r=g\",\"url\":\"https:\\\/\\\/secure.gravatar.com\\\/avatar\\\/3d8bf08c8feaca537ce41c2b95cec6c85a8036a1687877b5eb7cb09dcb9b6f06?s=96&d=mm&r=g\",\"contentUrl\":\"https:\\\/\\\/secure.gravatar.com\\\/avatar\\\/3d8bf08c8feaca537ce41c2b95cec6c85a8036a1687877b5eb7cb09dcb9b6f06?s=96&d=mm&r=g\",\"caption\":\"webcsfv\"},\"url\":\"https:\\\/\\\/cftc-dartyidf.fr\\\/index.php\\\/author\\\/webcsfv\\\/\"}]}<\/script>\n<!-- \/ Yoast SEO plugin. -->","yoast_head_json":{"title":"Enrique Martinez (Fnac Darty) : \"Avec Carrefour, nous allons \u00eatre encore plus puissants\" - CFTC-Darty IDF","robots":{"index":"index","follow":"follow","max-snippet":"max-snippet:-1","max-image-preview":"max-image-preview:large","max-video-preview":"max-video-preview:-1"},"canonical":"https:\/\/cftc-dartyidf.fr\/index.php\/2017\/12\/10\/enrique-martinez-fnac-darty-carrefour-allons-etre-plus-puissants\/","og_locale":"fr_FR","og_type":"article","og_title":"Enrique Martinez (Fnac Darty) : \"Avec Carrefour, nous allons \u00eatre encore plus puissants\" - CFTC-Darty IDF","og_description":"Enrique Martinez, directeur g\u00e9n\u00e9ral de Fnac Darty, \u00e9tait L&#8217;invit\u00e9 de l&#8217;interview \u00e9co mardi pour \u00e9voquer l&#8217;alliance sign\u00e9e avec le groupe Carrefour. Ils n\u00e9gocieront ensemble l&#8217;achat de leurs produits \u00e9lectrom\u00e9nagers et ... Lire plus","og_url":"https:\/\/cftc-dartyidf.fr\/index.php\/2017\/12\/10\/enrique-martinez-fnac-darty-carrefour-allons-etre-plus-puissants\/","og_site_name":"CFTC-Darty IDF","article_published_time":"2017-12-09T23:29:48+00:00","article_modified_time":"2017-12-09T23:31:22+00:00","og_image":[{"width":580,"height":326,"url":"https:\/\/cftc-dartyidf.fr\/wp-content\/uploads\/2017\/12\/martinez.jpg","type":"image\/jpeg"}],"author":"webcsfv","twitter_card":"summary_large_image","twitter_misc":{"\u00c9crit par":"webcsfv","Dur\u00e9e de lecture estim\u00e9e":"2 minutes"},"schema":{"@context":"https:\/\/schema.org","@graph":[{"@type":"Article","@id":"https:\/\/cftc-dartyidf.fr\/index.php\/2017\/12\/10\/enrique-martinez-fnac-darty-carrefour-allons-etre-plus-puissants\/#article","isPartOf":{"@id":"https:\/\/cftc-dartyidf.fr\/index.php\/2017\/12\/10\/enrique-martinez-fnac-darty-carrefour-allons-etre-plus-puissants\/"},"author":{"name":"webcsfv","@id":"https:\/\/cftc-dartyidf.fr\/#\/schema\/person\/71ee82537a022b7e374bcb7943ef2cd2"},"headline":"Enrique Martinez (Fnac Darty) : &#8220;Avec Carrefour, nous allons \u00eatre encore plus puissants&#8221;","datePublished":"2017-12-09T23:29:48+00:00","dateModified":"2017-12-09T23:31:22+00:00","mainEntityOfPage":{"@id":"https:\/\/cftc-dartyidf.fr\/index.php\/2017\/12\/10\/enrique-martinez-fnac-darty-carrefour-allons-etre-plus-puissants\/"},"wordCount":360,"articleSection":["Accueil"],"inLanguage":"fr-FR"},{"@type":"WebPage","@id":"https:\/\/cftc-dartyidf.fr\/index.php\/2017\/12\/10\/enrique-martinez-fnac-darty-carrefour-allons-etre-plus-puissants\/","url":"https:\/\/cftc-dartyidf.fr\/index.php\/2017\/12\/10\/enrique-martinez-fnac-darty-carrefour-allons-etre-plus-puissants\/","name":"Enrique Martinez (Fnac Darty) : \"Avec Carrefour, nous allons \u00eatre encore plus puissants\" - CFTC-Darty IDF","isPartOf":{"@id":"https:\/\/cftc-dartyidf.fr\/#website"},"datePublished":"2017-12-09T23:29:48+00:00","dateModified":"2017-12-09T23:31:22+00:00","author":{"@id":"https:\/\/cftc-dartyidf.fr\/#\/schema\/person\/71ee82537a022b7e374bcb7943ef2cd2"},"breadcrumb":{"@id":"https:\/\/cftc-dartyidf.fr\/index.php\/2017\/12\/10\/enrique-martinez-fnac-darty-carrefour-allons-etre-plus-puissants\/#breadcrumb"},"inLanguage":"fr-FR","potentialAction":[{"@type":"ReadAction","target":["https:\/\/cftc-dartyidf.fr\/index.php\/2017\/12\/10\/enrique-martinez-fnac-darty-carrefour-allons-etre-plus-puissants\/"]}]},{"@type":"BreadcrumbList","@id":"https:\/\/cftc-dartyidf.fr\/index.php\/2017\/12\/10\/enrique-martinez-fnac-darty-carrefour-allons-etre-plus-puissants\/#breadcrumb","itemListElement":[{"@type":"ListItem","position":1,"name":"Accueil","item":"https:\/\/cftc-dartyidf.fr\/"},{"@type":"ListItem","position":2,"name":"Enrique Martinez (Fnac Darty) : &#8220;Avec Carrefour, nous allons \u00eatre encore plus puissants&#8221;"}]},{"@type":"WebSite","@id":"https:\/\/cftc-dartyidf.fr\/#website","url":"https:\/\/cftc-dartyidf.fr\/","name":"CFTC-Darty IDF","description":"Le site de la section syndicale CFTC chez Darty IDF","potentialAction":[{"@type":"SearchAction","target":{"@type":"EntryPoint","urlTemplate":"https:\/\/cftc-dartyidf.fr\/?s={search_term_string}"},"query-input":{"@type":"PropertyValueSpecification","valueRequired":true,"valueName":"search_term_string"}}],"inLanguage":"fr-FR"},{"@type":"Person","@id":"https:\/\/cftc-dartyidf.fr\/#\/schema\/person\/71ee82537a022b7e374bcb7943ef2cd2","name":"webcsfv","image":{"@type":"ImageObject","inLanguage":"fr-FR","@id":"https:\/\/secure.gravatar.com\/avatar\/3d8bf08c8feaca537ce41c2b95cec6c85a8036a1687877b5eb7cb09dcb9b6f06?s=96&d=mm&r=g","url":"https:\/\/secure.gravatar.com\/avatar\/3d8bf08c8feaca537ce41c2b95cec6c85a8036a1687877b5eb7cb09dcb9b6f06?s=96&d=mm&r=g","contentUrl":"https:\/\/secure.gravatar.com\/avatar\/3d8bf08c8feaca537ce41c2b95cec6c85a8036a1687877b5eb7cb09dcb9b6f06?s=96&d=mm&r=g","caption":"webcsfv"},"url":"https:\/\/cftc-dartyidf.fr\/index.php\/author\/webcsfv\/"}]}},"jetpack_publicize_connections":[],"jetpack_featured_media_url":"","jetpack_sharing_enabled":true,"jetpack_shortlink":"https:\/\/wp.me\/p8n98f-kP","jetpack-related-posts":[{"id":1276,"url":"https:\/\/cftc-dartyidf.fr\/index.php\/2017\/12\/05\/partenariat-fnac-darty-carrefour-niveau-achat\/","url_meta":{"origin":1291,"position":0},"title":"PARTENARIAT FNAC-DARTY AVEC CARREFOUR AU NIVEAU DES ACHAT","author":"webcsfv","date":"05\/12\/2017","format":false,"excerpt":"=== PARTENARIAT FNAC-DARTY AVEC CARREFOUR AU NIVEAU DES ACHATS === Le communiqu\u00e9 de presse fnac vient de tomber il y a quelques minutes pour annoncer ce partenariat du groupe Fnac-Darty avec le Groupe Carrefour au niveau des achats de biens d'\u00e9lectro-m\u00e9nager blanc (mat\u00e9riel de nettoyage, de cuisine, de cuisson et\u2026","rel":"","context":"Dans &quot;Accueil&quot;","block_context":{"text":"Accueil","link":"https:\/\/cftc-dartyidf.fr\/index.php\/category\/accueil\/"},"img":{"alt_text":"","src":"https:\/\/i0.wp.com\/cftc-dartyidf.fr\/wp-content\/uploads\/2017\/12\/carrouf.png?resize=350%2C200&ssl=1","width":350,"height":200,"srcset":"https:\/\/i0.wp.com\/cftc-dartyidf.fr\/wp-content\/uploads\/2017\/12\/carrouf.png?resize=350%2C200&ssl=1 1x, https:\/\/i0.wp.com\/cftc-dartyidf.fr\/wp-content\/uploads\/2017\/12\/carrouf.png?resize=525%2C300&ssl=1 1.5x"},"classes":[]},{"id":1380,"url":"https:\/\/cftc-dartyidf.fr\/index.php\/2018\/01\/25\/le-mot-du-directeur-general\/","url_meta":{"origin":1291,"position":1},"title":"Le mot du Directeur G\u00e9n\u00e9ral","author":"webcsfv","date":"25\/01\/2018","format":false,"excerpt":"La Fnac et Darty\u00a0: leurs ressemblances comme leurs singularit\u00e9s appelaient \u00e0 l\u2019alliance de ces deux enseignes embl\u00e9matiques. Marques historiques aux caract\u00e8res forts, elles partagent une culture du service hors pair, une image ch\u00e8re au c\u0153ur des Fran\u00e7ais, le go\u00fbt de l\u2019innovation, un r\u00e9seau de distribution puissant, une empreinte d\u00e9lib\u00e9r\u00e9ment omnicanale\u2026","rel":"","context":"Dans &quot;Accueil&quot;","block_context":{"text":"Accueil","link":"https:\/\/cftc-dartyidf.fr\/index.php\/category\/accueil\/"},"img":{"alt_text":"","src":"","width":0,"height":0},"classes":[]},{"id":1614,"url":"https:\/\/cftc-dartyidf.fr\/index.php\/2018\/06\/21\/barometre-du-sav\/","url_meta":{"origin":1291,"position":2},"title":"Barom\u00e8tre du SAV","author":"webcsfv","date":"21\/06\/2018","format":false,"excerpt":"Fnac Darty publie le premier Barom\u00e8tre du SAV , une \u00e9tude in\u00e9dite sur la dur\u00e9e de vie des produits. Fnac Darty a lanc\u00e9 une vaste \u00e9tude afin de mieux informer le public sur la dur\u00e9e de vie des \u00e9quipements \u00e9lectrom\u00e9nagers et multim\u00e9dia \u00e0 l\u2019aide\u00a0 d\u2019indicateurs in\u00e9dits. Ce barom\u00e8tre sera renouvel\u00e9\u2026","rel":"","context":"Dans &quot;Accueil&quot;","block_context":{"text":"Accueil","link":"https:\/\/cftc-dartyidf.fr\/index.php\/category\/accueil\/"},"img":{"alt_text":"","src":"https:\/\/i0.wp.com\/cftc-dartyidf.fr\/wp-content\/uploads\/2018\/06\/barometre-sav-fnac-darty-07.jpg?resize=350%2C200&ssl=1","width":350,"height":200,"srcset":"https:\/\/i0.wp.com\/cftc-dartyidf.fr\/wp-content\/uploads\/2018\/06\/barometre-sav-fnac-darty-07.jpg?resize=350%2C200&ssl=1 1x, https:\/\/i0.wp.com\/cftc-dartyidf.fr\/wp-content\/uploads\/2018\/06\/barometre-sav-fnac-darty-07.jpg?resize=525%2C300&ssl=1 1.5x, https:\/\/i0.wp.com\/cftc-dartyidf.fr\/wp-content\/uploads\/2018\/06\/barometre-sav-fnac-darty-07.jpg?resize=700%2C400&ssl=1 2x"},"classes":[]},{"id":1607,"url":"https:\/\/cftc-dartyidf.fr\/index.php\/2018\/06\/14\/chiffre-daffaire-du-premier-trimestre-2018\/","url_meta":{"origin":1291,"position":3},"title":"Chiffre d&#8217;affaire du premier trimestre 2018","author":"webcsfv","date":"14\/06\/2018","format":false,"excerpt":"Croissance du chiffre d\u2019affaires au 1er trimestre 2018 Acc\u00e9l\u00e9ration du d\u00e9ploiement du plan Bonne progression de la mise en \u0153uvre des synergies \uf0a7* La croissance du chiffre d\u2019affaires du Groupe au 1er trimestre 2018 atteint +0,6%, malgr\u00e9 un environnement de consommation atone et des conditions climatiques d\u00e9favorables \uf0b7 Impact des\u2026","rel":"","context":"Dans &quot;Accueil&quot;","block_context":{"text":"Accueil","link":"https:\/\/cftc-dartyidf.fr\/index.php\/category\/accueil\/"},"img":{"alt_text":"","src":"https:\/\/i0.wp.com\/cftc-dartyidf.fr\/wp-content\/uploads\/2018\/06\/fnac-darty.jpg?resize=350%2C200&ssl=1","width":350,"height":200,"srcset":"https:\/\/i0.wp.com\/cftc-dartyidf.fr\/wp-content\/uploads\/2018\/06\/fnac-darty.jpg?resize=350%2C200&ssl=1 1x, https:\/\/i0.wp.com\/cftc-dartyidf.fr\/wp-content\/uploads\/2018\/06\/fnac-darty.jpg?resize=525%2C300&ssl=1 1.5x"},"classes":[]},{"id":1578,"url":"https:\/\/cftc-dartyidf.fr\/index.php\/2018\/05\/29\/achats-en-ligne-fnac-darty-revolutionne-la-livraison\/","url_meta":{"origin":1291,"position":4},"title":"Achats en ligne : Fnac-Darty r\u00e9volutionne la livraison","author":"webcsfv","date":"29\/05\/2018","format":false,"excerpt":"Pour toute commande pass\u00e9e avant 20 heures, le groupe fran\u00e7ais propose maintenant de livrer le produit le lendemain et de l'installer \u00e0 domicile. La promesse est all\u00e9chante. Fnac-Darty veut moderniser l'achat en ligne. Le Parisien annonce que le groupe fran\u00e7ais de distribution dans l'\u00e9lectrom\u00e9nager et les biens culturels propose un\u2026","rel":"","context":"Dans &quot;Accueil&quot;","block_context":{"text":"Accueil","link":"https:\/\/cftc-dartyidf.fr\/index.php\/category\/accueil\/"},"img":{"alt_text":"","src":"https:\/\/i0.wp.com\/cftc-dartyidf.fr\/wp-content\/uploads\/2018\/05\/fnac-darty.jpg?resize=350%2C200&ssl=1","width":350,"height":200,"srcset":"https:\/\/i0.wp.com\/cftc-dartyidf.fr\/wp-content\/uploads\/2018\/05\/fnac-darty.jpg?resize=350%2C200&ssl=1 1x, https:\/\/i0.wp.com\/cftc-dartyidf.fr\/wp-content\/uploads\/2018\/05\/fnac-darty.jpg?resize=525%2C300&ssl=1 1.5x, https:\/\/i0.wp.com\/cftc-dartyidf.fr\/wp-content\/uploads\/2018\/05\/fnac-darty.jpg?resize=700%2C400&ssl=1 2x, https:\/\/i0.wp.com\/cftc-dartyidf.fr\/wp-content\/uploads\/2018\/05\/fnac-darty.jpg?resize=1050%2C600&ssl=1 3x"},"classes":[]},{"id":123,"url":"https:\/\/cftc-dartyidf.fr\/index.php\/2016\/11\/09\/mutualisation-offre-demploi-darty-fnac\/","url_meta":{"origin":1291,"position":5},"title":"Mutualisation offres d&#8217;emploi Darty et Fnac","author":"webcsfv","date":"09\/11\/2016","format":false,"excerpt":"Darty et Fnac viennent de mutualiser leurs offres d'emploi afin de permettre de g\u00e9n\u00e9rer plus d'opportunit\u00e9s pour les collaborateurs des deux enseignes. En effet, depuis le 03 novembre les postes \u00e0 pourvoir sont ouverts \u00e0 l'ensemble des salari\u00e9s Darty Fnac et pour y acc\u00e9der ces derniers peuvent toujours utiliser les\u2026","rel":"","context":"Dans &quot;Revue de presse&quot;","block_context":{"text":"Revue de presse","link":"https:\/\/cftc-dartyidf.fr\/index.php\/category\/actualite\/"},"img":{"alt_text":"","src":"https:\/\/i0.wp.com\/cftc-dartyidf.fr\/wp-content\/uploads\/2016\/11\/offre-emploi.jpg?resize=350%2C200&ssl=1","width":350,"height":200},"classes":[]}],"_links":{"self":[{"href":"https:\/\/cftc-dartyidf.fr\/index.php\/wp-json\/wp\/v2\/posts\/1291","targetHints":{"allow":["GET"]}}],"collection":[{"href":"https:\/\/cftc-dartyidf.fr\/index.php\/wp-json\/wp\/v2\/posts"}],"about":[{"href":"https:\/\/cftc-dartyidf.fr\/index.php\/wp-json\/wp\/v2\/types\/post"}],"author":[{"embeddable":true,"href":"https:\/\/cftc-dartyidf.fr\/index.php\/wp-json\/wp\/v2\/users\/1"}],"replies":[{"embeddable":true,"href":"https:\/\/cftc-dartyidf.fr\/index.php\/wp-json\/wp\/v2\/comments?post=1291"}],"version-history":[{"count":1,"href":"https:\/\/cftc-dartyidf.fr\/index.php\/wp-json\/wp\/v2\/posts\/1291\/revisions"}],"predecessor-version":[{"id":1293,"href":"https:\/\/cftc-dartyidf.fr\/index.php\/wp-json\/wp\/v2\/posts\/1291\/revisions\/1293"}],"wp:attachment":[{"href":"https:\/\/cftc-dartyidf.fr\/index.php\/wp-json\/wp\/v2\/media?parent=1291"}],"wp:term":[{"taxonomy":"category","embeddable":true,"href":"https:\/\/cftc-dartyidf.fr\/index.php\/wp-json\/wp\/v2\/categories?post=1291"},{"taxonomy":"post_tag","embeddable":true,"href":"https:\/\/cftc-dartyidf.fr\/index.php\/wp-json\/wp\/v2\/tags?post=1291"}],"curies":[{"name":"wp","href":"https:\/\/api.w.org\/{rel}","templated":true}]}}