{"id":1274,"date":"2017-12-04T00:09:18","date_gmt":"2017-12-03T23:09:18","guid":{"rendered":"https:\/\/cftc-dartyidf.fr\/?p=1274"},"modified":"2017-12-04T00:09:18","modified_gmt":"2017-12-03T23:09:18","slug":"travail-du-dimanche","status":"publish","type":"post","link":"https:\/\/cftc-dartyidf.fr\/index.php\/2017\/12\/04\/travail-du-dimanche\/","title":{"rendered":"Travail du dimanche"},"content":{"rendered":"<p><strong><br \/>\n&#8220;Ne basculons pas dans une soci\u00e9t\u00e9 o\u00f9 c&#8217;est le commerce qui dicte sa loi \u00e0 la vie personnelle&#8221;, s&#8217;insurge Joseph Touvenel<br \/>\nINVIT\u00c9 RTL &#8211; Le travail le dimanche devient de plus en plus banal, deux ans apr\u00e8s l&#8217;adoption de la loi Macron.<\/strong><\/p>\n<p>Deux ans apr\u00e8s l\u2019adoption de la loi Macron, l\u2019ouverture des commerces le dimanche gagne progressivement du terrain. Et si les grandes surfaces se frottent les mains, cela ne r\u00e9jouit pas forc\u00e9ment les organisations syndicales et les salari\u00e9s. &#8220;\u00c0 la CFTC nous sommes contre parce que l&#8217;on pense que dans la soci\u00e9t\u00e9, il faut un temps o\u00f9 les choses sont plus calmes&#8221;, d\u00e9fend Joseph Touvenel, vice-pr\u00e9sident de l&#8217;organisation syndicale.<\/p>\n<p>Mais \u00e0 pr\u00e9sent que la loi Macron est entr\u00e9e en vigueur, le syndicaliste d\u00e9fend une application qui soit la plus favorable possible aux salari\u00e9s. &#8220;Il y a certaines grandes surfaces qui ont de la cupidit\u00e9 et qui veulent gagner toujours plus sur le dos des salari\u00e9s&#8221;, d\u00e9plore Joseph Touvenel. &#8220;Je remercie les services publics (qui continuent le dimanche, ndlr) mais il ne faut pas faire basculer la soci\u00e9t\u00e9 dans une configuration o\u00f9 le travail le dimanche devient la norme. (&#8230;) On sait tr\u00e8s bien que l&#8217;ouverture des grandes surfaces le dimanche conduit \u00e0 la destruction de petits magasins&#8221;.<\/p>\n<p>http:\/\/www.rtl.fr\/actu\/societe-faits-divers\/ne-basculons-pas-dans-une-societe-ou-c-est-le-commerce-qui-dicte-sa-loi-a-la-vie-personnelle-s-insurge-joseph-touvenel-7789627206<\/p>\n","protected":false},"excerpt":{"rendered":"<p>&#8220;Ne basculons pas dans une soci\u00e9t\u00e9 o\u00f9 c&#8217;est le commerce qui dicte sa loi \u00e0 la vie personnelle&#8221;, s&#8217;insurge Joseph Touvenel INVIT\u00c9 RTL &#8211; Le travail le dimanche devient de &#8230; <a title=\"Travail du dimanche\" class=\"read-more\" href=\"https:\/\/cftc-dartyidf.fr\/index.php\/2017\/12\/04\/travail-du-dimanche\/\" aria-label=\"En savoir plus sur Travail du dimanche\">Lire plus<\/a><\/p>\n","protected":false},"author":1,"featured_media":1272,"comment_status":"closed","ping_status":"closed","sticky":false,"template":"","format":"standard","meta":{"generate_page_header":"","_price":"","_stock":"","_tribe_ticket_header":"","_tribe_default_ticket_provider":"","_tribe_ticket_capacity":"0","_ticket_start_date":"","_ticket_end_date":"","_tribe_ticket_show_description":"","_tribe_ticket_show_not_going":false,"_tribe_ticket_use_global_stock":"","_tribe_ticket_global_stock_level":"","_global_stock_mode":"","_global_stock_cap":"","_tribe_rsvp_for_event":"","_tribe_ticket_going_count":"","_tribe_ticket_not_going_count":"","_tribe_tickets_list":"[]","_tribe_ticket_has_attendee_info_fields":false,"jetpack_post_was_ever_published":false,"_jetpack_newsletter_access":"","_jetpack_dont_email_post_to_subs":false,"_jetpack_newsletter_tier_id":0,"_jetpack_memberships_contains_paywalled_content":false,"_jetpack_memberships_contains_paid_content":false,"footnotes":"","jetpack_publicize_message":"","jetpack_publicize_feature_enabled":true,"jetpack_social_post_already_shared":true,"jetpack_social_options":{"image_generator_settings":{"template":"highway","default_image_id":0,"font":"","enabled":false},"version":2}},"categories":[1],"tags":[],"class_list":["post-1274","post","type-post","status-publish","format-standard","has-post-thumbnail","hentry","category-accueil","generate-columns","tablet-grid-50","mobile-grid-100","grid-parent","grid-50","resize-featured-image"],"yoast_head":"<!-- This site is optimized with the Yoast SEO plugin v27.5 - https:\/\/yoast.com\/product\/yoast-seo-wordpress\/ -->\n<title>Travail du dimanche - CFTC-Darty IDF<\/title>\n<meta name=\"robots\" content=\"index, follow, max-snippet:-1, max-image-preview:large, max-video-preview:-1\" \/>\n<link rel=\"canonical\" href=\"https:\/\/cftc-dartyidf.fr\/index.php\/2017\/12\/04\/travail-du-dimanche\/\" \/>\n<meta property=\"og:locale\" content=\"fr_FR\" \/>\n<meta property=\"og:type\" content=\"article\" \/>\n<meta property=\"og:title\" content=\"Travail du dimanche - CFTC-Darty IDF\" \/>\n<meta property=\"og:description\" content=\"&#8220;Ne basculons pas dans une soci\u00e9t\u00e9 o\u00f9 c&#8217;est le commerce qui dicte sa loi \u00e0 la vie personnelle&#8221;, s&#8217;insurge Joseph Touvenel INVIT\u00c9 RTL &#8211; Le travail le dimanche devient de ... Lire plus\" \/>\n<meta property=\"og:url\" content=\"https:\/\/cftc-dartyidf.fr\/index.php\/2017\/12\/04\/travail-du-dimanche\/\" \/>\n<meta property=\"og:site_name\" content=\"CFTC-Darty IDF\" \/>\n<meta property=\"article:published_time\" content=\"2017-12-03T23:09:18+00:00\" \/>\n<meta property=\"og:image\" content=\"https:\/\/cftc-dartyidf.fr\/wp-content\/uploads\/2017\/12\/dimcftc.jpg\" \/>\n\t<meta property=\"og:image:width\" content=\"678\" \/>\n\t<meta property=\"og:image:height\" content=\"960\" \/>\n\t<meta property=\"og:image:type\" content=\"image\/jpeg\" \/>\n<meta name=\"author\" content=\"webcsfv\" \/>\n<meta name=\"twitter:card\" content=\"summary_large_image\" \/>\n<meta name=\"twitter:label1\" content=\"\u00c9crit par\" \/>\n\t<meta name=\"twitter:data1\" content=\"webcsfv\" \/>\n\t<meta name=\"twitter:label2\" content=\"Dur\u00e9e de lecture estim\u00e9e\" \/>\n\t<meta name=\"twitter:data2\" content=\"1 minute\" \/>\n<script type=\"application\/ld+json\" class=\"yoast-schema-graph\">{\"@context\":\"https:\\\/\\\/schema.org\",\"@graph\":[{\"@type\":\"Article\",\"@id\":\"https:\\\/\\\/cftc-dartyidf.fr\\\/index.php\\\/2017\\\/12\\\/04\\\/travail-du-dimanche\\\/#article\",\"isPartOf\":{\"@id\":\"https:\\\/\\\/cftc-dartyidf.fr\\\/index.php\\\/2017\\\/12\\\/04\\\/travail-du-dimanche\\\/\"},\"author\":{\"name\":\"webcsfv\",\"@id\":\"https:\\\/\\\/cftc-dartyidf.fr\\\/#\\\/schema\\\/person\\\/71ee82537a022b7e374bcb7943ef2cd2\"},\"headline\":\"Travail du dimanche\",\"datePublished\":\"2017-12-03T23:09:18+00:00\",\"mainEntityOfPage\":{\"@id\":\"https:\\\/\\\/cftc-dartyidf.fr\\\/index.php\\\/2017\\\/12\\\/04\\\/travail-du-dimanche\\\/\"},\"wordCount\":232,\"image\":{\"@id\":\"https:\\\/\\\/cftc-dartyidf.fr\\\/index.php\\\/2017\\\/12\\\/04\\\/travail-du-dimanche\\\/#primaryimage\"},\"thumbnailUrl\":\"https:\\\/\\\/cftc-dartyidf.fr\\\/wp-content\\\/uploads\\\/2017\\\/12\\\/dimcftc.jpg\",\"articleSection\":[\"Accueil\"],\"inLanguage\":\"fr-FR\"},{\"@type\":\"WebPage\",\"@id\":\"https:\\\/\\\/cftc-dartyidf.fr\\\/index.php\\\/2017\\\/12\\\/04\\\/travail-du-dimanche\\\/\",\"url\":\"https:\\\/\\\/cftc-dartyidf.fr\\\/index.php\\\/2017\\\/12\\\/04\\\/travail-du-dimanche\\\/\",\"name\":\"Travail du dimanche - CFTC-Darty IDF\",\"isPartOf\":{\"@id\":\"https:\\\/\\\/cftc-dartyidf.fr\\\/#website\"},\"primaryImageOfPage\":{\"@id\":\"https:\\\/\\\/cftc-dartyidf.fr\\\/index.php\\\/2017\\\/12\\\/04\\\/travail-du-dimanche\\\/#primaryimage\"},\"image\":{\"@id\":\"https:\\\/\\\/cftc-dartyidf.fr\\\/index.php\\\/2017\\\/12\\\/04\\\/travail-du-dimanche\\\/#primaryimage\"},\"thumbnailUrl\":\"https:\\\/\\\/cftc-dartyidf.fr\\\/wp-content\\\/uploads\\\/2017\\\/12\\\/dimcftc.jpg\",\"datePublished\":\"2017-12-03T23:09:18+00:00\",\"author\":{\"@id\":\"https:\\\/\\\/cftc-dartyidf.fr\\\/#\\\/schema\\\/person\\\/71ee82537a022b7e374bcb7943ef2cd2\"},\"breadcrumb\":{\"@id\":\"https:\\\/\\\/cftc-dartyidf.fr\\\/index.php\\\/2017\\\/12\\\/04\\\/travail-du-dimanche\\\/#breadcrumb\"},\"inLanguage\":\"fr-FR\",\"potentialAction\":[{\"@type\":\"ReadAction\",\"target\":[\"https:\\\/\\\/cftc-dartyidf.fr\\\/index.php\\\/2017\\\/12\\\/04\\\/travail-du-dimanche\\\/\"]}]},{\"@type\":\"ImageObject\",\"inLanguage\":\"fr-FR\",\"@id\":\"https:\\\/\\\/cftc-dartyidf.fr\\\/index.php\\\/2017\\\/12\\\/04\\\/travail-du-dimanche\\\/#primaryimage\",\"url\":\"https:\\\/\\\/cftc-dartyidf.fr\\\/wp-content\\\/uploads\\\/2017\\\/12\\\/dimcftc.jpg\",\"contentUrl\":\"https:\\\/\\\/cftc-dartyidf.fr\\\/wp-content\\\/uploads\\\/2017\\\/12\\\/dimcftc.jpg\",\"width\":678,\"height\":960},{\"@type\":\"BreadcrumbList\",\"@id\":\"https:\\\/\\\/cftc-dartyidf.fr\\\/index.php\\\/2017\\\/12\\\/04\\\/travail-du-dimanche\\\/#breadcrumb\",\"itemListElement\":[{\"@type\":\"ListItem\",\"position\":1,\"name\":\"Accueil\",\"item\":\"https:\\\/\\\/cftc-dartyidf.fr\\\/\"},{\"@type\":\"ListItem\",\"position\":2,\"name\":\"Travail du dimanche\"}]},{\"@type\":\"WebSite\",\"@id\":\"https:\\\/\\\/cftc-dartyidf.fr\\\/#website\",\"url\":\"https:\\\/\\\/cftc-dartyidf.fr\\\/\",\"name\":\"CFTC-Darty IDF\",\"description\":\"Le site de la section syndicale CFTC chez Darty IDF\",\"potentialAction\":[{\"@type\":\"SearchAction\",\"target\":{\"@type\":\"EntryPoint\",\"urlTemplate\":\"https:\\\/\\\/cftc-dartyidf.fr\\\/?s={search_term_string}\"},\"query-input\":{\"@type\":\"PropertyValueSpecification\",\"valueRequired\":true,\"valueName\":\"search_term_string\"}}],\"inLanguage\":\"fr-FR\"},{\"@type\":\"Person\",\"@id\":\"https:\\\/\\\/cftc-dartyidf.fr\\\/#\\\/schema\\\/person\\\/71ee82537a022b7e374bcb7943ef2cd2\",\"name\":\"webcsfv\",\"image\":{\"@type\":\"ImageObject\",\"inLanguage\":\"fr-FR\",\"@id\":\"https:\\\/\\\/secure.gravatar.com\\\/avatar\\\/3d8bf08c8feaca537ce41c2b95cec6c85a8036a1687877b5eb7cb09dcb9b6f06?s=96&d=mm&r=g\",\"url\":\"https:\\\/\\\/secure.gravatar.com\\\/avatar\\\/3d8bf08c8feaca537ce41c2b95cec6c85a8036a1687877b5eb7cb09dcb9b6f06?s=96&d=mm&r=g\",\"contentUrl\":\"https:\\\/\\\/secure.gravatar.com\\\/avatar\\\/3d8bf08c8feaca537ce41c2b95cec6c85a8036a1687877b5eb7cb09dcb9b6f06?s=96&d=mm&r=g\",\"caption\":\"webcsfv\"},\"url\":\"https:\\\/\\\/cftc-dartyidf.fr\\\/index.php\\\/author\\\/webcsfv\\\/\"}]}<\/script>\n<!-- \/ Yoast SEO plugin. -->","yoast_head_json":{"title":"Travail du dimanche - CFTC-Darty IDF","robots":{"index":"index","follow":"follow","max-snippet":"max-snippet:-1","max-image-preview":"max-image-preview:large","max-video-preview":"max-video-preview:-1"},"canonical":"https:\/\/cftc-dartyidf.fr\/index.php\/2017\/12\/04\/travail-du-dimanche\/","og_locale":"fr_FR","og_type":"article","og_title":"Travail du dimanche - CFTC-Darty IDF","og_description":"&#8220;Ne basculons pas dans une soci\u00e9t\u00e9 o\u00f9 c&#8217;est le commerce qui dicte sa loi \u00e0 la vie personnelle&#8221;, s&#8217;insurge Joseph Touvenel INVIT\u00c9 RTL &#8211; Le travail le dimanche devient de ... Lire plus","og_url":"https:\/\/cftc-dartyidf.fr\/index.php\/2017\/12\/04\/travail-du-dimanche\/","og_site_name":"CFTC-Darty IDF","article_published_time":"2017-12-03T23:09:18+00:00","og_image":[{"width":678,"height":960,"url":"https:\/\/cftc-dartyidf.fr\/wp-content\/uploads\/2017\/12\/dimcftc.jpg","type":"image\/jpeg"}],"author":"webcsfv","twitter_card":"summary_large_image","twitter_misc":{"\u00c9crit par":"webcsfv","Dur\u00e9e de lecture estim\u00e9e":"1 minute"},"schema":{"@context":"https:\/\/schema.org","@graph":[{"@type":"Article","@id":"https:\/\/cftc-dartyidf.fr\/index.php\/2017\/12\/04\/travail-du-dimanche\/#article","isPartOf":{"@id":"https:\/\/cftc-dartyidf.fr\/index.php\/2017\/12\/04\/travail-du-dimanche\/"},"author":{"name":"webcsfv","@id":"https:\/\/cftc-dartyidf.fr\/#\/schema\/person\/71ee82537a022b7e374bcb7943ef2cd2"},"headline":"Travail du dimanche","datePublished":"2017-12-03T23:09:18+00:00","mainEntityOfPage":{"@id":"https:\/\/cftc-dartyidf.fr\/index.php\/2017\/12\/04\/travail-du-dimanche\/"},"wordCount":232,"image":{"@id":"https:\/\/cftc-dartyidf.fr\/index.php\/2017\/12\/04\/travail-du-dimanche\/#primaryimage"},"thumbnailUrl":"https:\/\/cftc-dartyidf.fr\/wp-content\/uploads\/2017\/12\/dimcftc.jpg","articleSection":["Accueil"],"inLanguage":"fr-FR"},{"@type":"WebPage","@id":"https:\/\/cftc-dartyidf.fr\/index.php\/2017\/12\/04\/travail-du-dimanche\/","url":"https:\/\/cftc-dartyidf.fr\/index.php\/2017\/12\/04\/travail-du-dimanche\/","name":"Travail du dimanche - CFTC-Darty IDF","isPartOf":{"@id":"https:\/\/cftc-dartyidf.fr\/#website"},"primaryImageOfPage":{"@id":"https:\/\/cftc-dartyidf.fr\/index.php\/2017\/12\/04\/travail-du-dimanche\/#primaryimage"},"image":{"@id":"https:\/\/cftc-dartyidf.fr\/index.php\/2017\/12\/04\/travail-du-dimanche\/#primaryimage"},"thumbnailUrl":"https:\/\/cftc-dartyidf.fr\/wp-content\/uploads\/2017\/12\/dimcftc.jpg","datePublished":"2017-12-03T23:09:18+00:00","author":{"@id":"https:\/\/cftc-dartyidf.fr\/#\/schema\/person\/71ee82537a022b7e374bcb7943ef2cd2"},"breadcrumb":{"@id":"https:\/\/cftc-dartyidf.fr\/index.php\/2017\/12\/04\/travail-du-dimanche\/#breadcrumb"},"inLanguage":"fr-FR","potentialAction":[{"@type":"ReadAction","target":["https:\/\/cftc-dartyidf.fr\/index.php\/2017\/12\/04\/travail-du-dimanche\/"]}]},{"@type":"ImageObject","inLanguage":"fr-FR","@id":"https:\/\/cftc-dartyidf.fr\/index.php\/2017\/12\/04\/travail-du-dimanche\/#primaryimage","url":"https:\/\/cftc-dartyidf.fr\/wp-content\/uploads\/2017\/12\/dimcftc.jpg","contentUrl":"https:\/\/cftc-dartyidf.fr\/wp-content\/uploads\/2017\/12\/dimcftc.jpg","width":678,"height":960},{"@type":"BreadcrumbList","@id":"https:\/\/cftc-dartyidf.fr\/index.php\/2017\/12\/04\/travail-du-dimanche\/#breadcrumb","itemListElement":[{"@type":"ListItem","position":1,"name":"Accueil","item":"https:\/\/cftc-dartyidf.fr\/"},{"@type":"ListItem","position":2,"name":"Travail du dimanche"}]},{"@type":"WebSite","@id":"https:\/\/cftc-dartyidf.fr\/#website","url":"https:\/\/cftc-dartyidf.fr\/","name":"CFTC-Darty IDF","description":"Le site de la section syndicale CFTC chez Darty IDF","potentialAction":[{"@type":"SearchAction","target":{"@type":"EntryPoint","urlTemplate":"https:\/\/cftc-dartyidf.fr\/?s={search_term_string}"},"query-input":{"@type":"PropertyValueSpecification","valueRequired":true,"valueName":"search_term_string"}}],"inLanguage":"fr-FR"},{"@type":"Person","@id":"https:\/\/cftc-dartyidf.fr\/#\/schema\/person\/71ee82537a022b7e374bcb7943ef2cd2","name":"webcsfv","image":{"@type":"ImageObject","inLanguage":"fr-FR","@id":"https:\/\/secure.gravatar.com\/avatar\/3d8bf08c8feaca537ce41c2b95cec6c85a8036a1687877b5eb7cb09dcb9b6f06?s=96&d=mm&r=g","url":"https:\/\/secure.gravatar.com\/avatar\/3d8bf08c8feaca537ce41c2b95cec6c85a8036a1687877b5eb7cb09dcb9b6f06?s=96&d=mm&r=g","contentUrl":"https:\/\/secure.gravatar.com\/avatar\/3d8bf08c8feaca537ce41c2b95cec6c85a8036a1687877b5eb7cb09dcb9b6f06?s=96&d=mm&r=g","caption":"webcsfv"},"url":"https:\/\/cftc-dartyidf.fr\/index.php\/author\/webcsfv\/"}]}},"jetpack_publicize_connections":[],"jetpack_featured_media_url":"https:\/\/cftc-dartyidf.fr\/wp-content\/uploads\/2017\/12\/dimcftc.jpg","jetpack_sharing_enabled":true,"jetpack_shortlink":"https:\/\/wp.me\/p8n98f-ky","jetpack-related-posts":[{"id":1571,"url":"https:\/\/cftc-dartyidf.fr\/index.php\/2018\/05\/22\/deuxieme-journee-de-solidarite-quon-arrete-de-nous-bassiner-et-de-nous-mentir\/","url_meta":{"origin":1274,"position":0},"title":"Deuxi\u00e8me journ\u00e9e de solidarit\u00e9: &#8220;Qu\u2019on arr\u00eate de nous bassiner et de nous mentir!&#8221;","author":"webcsfv","date":"22\/05\/2018","format":false,"excerpt":"Joseph Thouvenel, vice-pr\u00e9sident de la CFTC, invit\u00e9 de la matinale de Jean-Jacques Bourdin ce mardi 17 avril, s\u2019est fermement oppos\u00e9 \u00e0 la piste \u00e9voqu\u00e9e par Emmanuel Macron d\u2019instaurer une seconde journ\u00e9e de solidarit\u00e9. Face au \"choc d\u00e9mographique\" du vieillissement, Emmanuel Macron s'est engag\u00e9 lors de son interview sur RMC, BFMTV\u2026","rel":"","context":"Dans &quot;Accueil&quot;","block_context":{"text":"Accueil","link":"https:\/\/cftc-dartyidf.fr\/index.php\/category\/accueil\/"},"img":{"alt_text":"","src":"","width":0,"height":0},"classes":[]},{"id":1538,"url":"https:\/\/cftc-dartyidf.fr\/index.php\/2018\/04\/18\/deuxieme-journee-de-solidarite-quon-arrete-de-bassiner-de-mentir\/","url_meta":{"origin":1274,"position":1},"title":"Deuxi\u00e8me journ\u00e9e de solidarit\u00e9: &#8220;Qu\u2019on arr\u00eate de nous bassiner et de nous mentir!&#8221;","author":"webcsfv","date":"18\/04\/2018","format":false,"excerpt":"Joseph Thouvenel, vice-pr\u00e9sident de la CFTC, invit\u00e9 de la matinale de Jean-Jacques Bourdin ce mardi 17 avril, s\u2019est fermement oppos\u00e9 \u00e0 la piste \u00e9voqu\u00e9e par Emmanuel Macron d\u2019instaurer une seconde journ\u00e9e de solidarit\u00e9. Face au \"choc d\u00e9mographique\" du vieillissement, Emmanuel Macron s'est engag\u00e9 lors de son interview sur RMC, BFMTV\u2026","rel":"","context":"Dans &quot;Accueil&quot;","block_context":{"text":"Accueil","link":"https:\/\/cftc-dartyidf.fr\/index.php\/category\/accueil\/"},"img":{"alt_text":"","src":"","width":0,"height":0},"classes":[]},{"id":1528,"url":"https:\/\/cftc-dartyidf.fr\/index.php\/2018\/04\/04\/avancees-sociales-grace-a-cftc\/","url_meta":{"origin":1274,"position":2},"title":"Avanc\u00e9es sociales gr\u00e2ce \u00e0 la CFTC","author":"webcsfv","date":"04\/04\/2018","format":false,"excerpt":"Les avanc\u00e9es sociales importantes obtenues gr\u00e2ce \u00e0 la CFTC Depuis plus de 95 ans, la CFTC d\u00e9fend les int\u00e9r\u00eats de tous les salari\u00e9s, et particuli\u00e8rement de ses adh\u00e9rents, 135 000 fin 2015. Elle les assiste juridiquement et psychologiquement dans leur quotidien (conditions de travail, n\u00e9gociations salariales\u2026), \u00e0 travers ses syndicats\u2026","rel":"","context":"Dans &quot;Accueil&quot;","block_context":{"text":"Accueil","link":"https:\/\/cftc-dartyidf.fr\/index.php\/category\/accueil\/"},"img":{"alt_text":"","src":"https:\/\/i0.wp.com\/cftc-dartyidf.fr\/wp-content\/uploads\/2018\/04\/cftc-av.jpg?resize=350%2C200&ssl=1","width":350,"height":200,"srcset":"https:\/\/i0.wp.com\/cftc-dartyidf.fr\/wp-content\/uploads\/2018\/04\/cftc-av.jpg?resize=350%2C200&ssl=1 1x, https:\/\/i0.wp.com\/cftc-dartyidf.fr\/wp-content\/uploads\/2018\/04\/cftc-av.jpg?resize=525%2C300&ssl=1 1.5x, https:\/\/i0.wp.com\/cftc-dartyidf.fr\/wp-content\/uploads\/2018\/04\/cftc-av.jpg?resize=700%2C400&ssl=1 2x"},"classes":[]},{"id":1356,"url":"https:\/\/cftc-dartyidf.fr\/index.php\/2018\/01\/17\/vrai-faux-peux-conserver-mutuelle-dentreprise-cas-de-licenciement\/","url_meta":{"origin":1274,"position":3},"title":"VRAI\/FAUX : je peux conserver la mutuelle d\u2019entreprise en cas de licenciement ?","author":"webcsfv","date":"17\/01\/2018","format":false,"excerpt":"C'est \u00e0 la fois vrai, \u00e0 la fois faux...On vous explique ! Tous les salari\u00e9s du secteur priv\u00e9 doivent se voir proposer par leur employeur, une couverture compl\u00e9mentaire sant\u00e9 collective, en suppl\u00e9ment du r\u00e9gime de base de S\u00e9curit\u00e9 Sociale, et ce, depuis le 1er janvier 2016. N\u00e9anmoins, que se passe-t-il\u2026","rel":"","context":"Dans &quot;Accueil&quot;","block_context":{"text":"Accueil","link":"https:\/\/cftc-dartyidf.fr\/index.php\/category\/accueil\/"},"img":{"alt_text":"","src":"https:\/\/i0.wp.com\/cftc-dartyidf.fr\/wp-content\/uploads\/2018\/01\/indemnites.jpg?resize=350%2C200&ssl=1","width":350,"height":200,"srcset":"https:\/\/i0.wp.com\/cftc-dartyidf.fr\/wp-content\/uploads\/2018\/01\/indemnites.jpg?resize=350%2C200&ssl=1 1x, https:\/\/i0.wp.com\/cftc-dartyidf.fr\/wp-content\/uploads\/2018\/01\/indemnites.jpg?resize=525%2C300&ssl=1 1.5x"},"classes":[]},{"id":1761,"url":"https:\/\/cftc-dartyidf.fr\/index.php\/2019\/01\/29\/entretien-annuel-devaluation\/","url_meta":{"origin":1274,"position":4},"title":"Entretien annuel d\u2019\u00e9valuation","author":"webcsfv","date":"29\/01\/2019","format":false,"excerpt":"Marquant souvent la fin d\u2019ann\u00e9e, l\u2019entretien annuel d\u2019\u00e9valuation s\u2019est peu \u00e0 peu impos\u00e9 dans le paysage manag\u00e9rial de l'entreprise. Pourtant, il n\u2019est ni obligatoire ni fig\u00e9 dans la m\u00e9thode. D\u00e9cryptage. Ne faites plus l\u2019erreur ! Entretien professionnel et entretien d\u2019\u00e9valuation sont deux choses bien distinctes. Le premier s\u2019inscrit dans une\u2026","rel":"","context":"Dans &quot;Accueil&quot;","block_context":{"text":"Accueil","link":"https:\/\/cftc-dartyidf.fr\/index.php\/category\/accueil\/"},"img":{"alt_text":"","src":"https:\/\/i0.wp.com\/cftc-dartyidf.fr\/wp-content\/uploads\/2019\/01\/cftc1.jpg?resize=350%2C200&ssl=1","width":350,"height":200,"srcset":"https:\/\/i0.wp.com\/cftc-dartyidf.fr\/wp-content\/uploads\/2019\/01\/cftc1.jpg?resize=350%2C200&ssl=1 1x, https:\/\/i0.wp.com\/cftc-dartyidf.fr\/wp-content\/uploads\/2019\/01\/cftc1.jpg?resize=525%2C300&ssl=1 1.5x, https:\/\/i0.wp.com\/cftc-dartyidf.fr\/wp-content\/uploads\/2019\/01\/cftc1.jpg?resize=700%2C400&ssl=1 2x, https:\/\/i0.wp.com\/cftc-dartyidf.fr\/wp-content\/uploads\/2019\/01\/cftc1.jpg?resize=1050%2C600&ssl=1 3x"},"classes":[]},{"id":1361,"url":"https:\/\/cftc-dartyidf.fr\/index.php\/2018\/01\/17\/salaries-signalant-scandale-danger-desormais-proteges\/","url_meta":{"origin":1274,"position":5},"title":"Les salari\u00e9s signalant un scandale ou un danger sont d\u00e9sormais prot\u00e9g\u00e9s","author":"webcsfv","date":"17\/01\/2018","format":false,"excerpt":"Les lanceurs d'alerte ont d\u00e9sormais un statut \u00a0 Les lanceurs d\u2019alerte, ces salari\u00e9s qui r\u00e9v\u00e8lent les crimes, d\u00e9lits et autres scandales commis par leur entreprise, le faisaient au p\u00e9ril de leur carri\u00e8re, gr\u00e2ce aux 2 lois Sapin, ces vigies d\u00e9mocratiques sont mieux prot\u00e9g\u00e9es. Que les Edward Snowden se rassurent ;\u2026","rel":"","context":"Dans &quot;Accueil&quot;","block_context":{"text":"Accueil","link":"https:\/\/cftc-dartyidf.fr\/index.php\/category\/accueil\/"},"img":{"alt_text":"","src":"https:\/\/i0.wp.com\/cftc-dartyidf.fr\/wp-content\/uploads\/2018\/01\/lanceur.png?resize=350%2C200&ssl=1","width":350,"height":200,"srcset":"https:\/\/i0.wp.com\/cftc-dartyidf.fr\/wp-content\/uploads\/2018\/01\/lanceur.png?resize=350%2C200&ssl=1 1x, https:\/\/i0.wp.com\/cftc-dartyidf.fr\/wp-content\/uploads\/2018\/01\/lanceur.png?resize=525%2C300&ssl=1 1.5x, https:\/\/i0.wp.com\/cftc-dartyidf.fr\/wp-content\/uploads\/2018\/01\/lanceur.png?resize=700%2C400&ssl=1 2x, https:\/\/i0.wp.com\/cftc-dartyidf.fr\/wp-content\/uploads\/2018\/01\/lanceur.png?resize=1050%2C600&ssl=1 3x"},"classes":[]}],"_links":{"self":[{"href":"https:\/\/cftc-dartyidf.fr\/index.php\/wp-json\/wp\/v2\/posts\/1274","targetHints":{"allow":["GET"]}}],"collection":[{"href":"https:\/\/cftc-dartyidf.fr\/index.php\/wp-json\/wp\/v2\/posts"}],"about":[{"href":"https:\/\/cftc-dartyidf.fr\/index.php\/wp-json\/wp\/v2\/types\/post"}],"author":[{"embeddable":true,"href":"https:\/\/cftc-dartyidf.fr\/index.php\/wp-json\/wp\/v2\/users\/1"}],"replies":[{"embeddable":true,"href":"https:\/\/cftc-dartyidf.fr\/index.php\/wp-json\/wp\/v2\/comments?post=1274"}],"version-history":[{"count":1,"href":"https:\/\/cftc-dartyidf.fr\/index.php\/wp-json\/wp\/v2\/posts\/1274\/revisions"}],"predecessor-version":[{"id":1275,"href":"https:\/\/cftc-dartyidf.fr\/index.php\/wp-json\/wp\/v2\/posts\/1274\/revisions\/1275"}],"wp:featuredmedia":[{"embeddable":true,"href":"https:\/\/cftc-dartyidf.fr\/index.php\/wp-json\/wp\/v2\/media\/1272"}],"wp:attachment":[{"href":"https:\/\/cftc-dartyidf.fr\/index.php\/wp-json\/wp\/v2\/media?parent=1274"}],"wp:term":[{"taxonomy":"category","embeddable":true,"href":"https:\/\/cftc-dartyidf.fr\/index.php\/wp-json\/wp\/v2\/categories?post=1274"},{"taxonomy":"post_tag","embeddable":true,"href":"https:\/\/cftc-dartyidf.fr\/index.php\/wp-json\/wp\/v2\/tags?post=1274"}],"curies":[{"name":"wp","href":"https:\/\/api.w.org\/{rel}","templated":true}]}}