{"id":1260,"date":"2017-11-21T11:01:29","date_gmt":"2017-11-21T10:01:29","guid":{"rendered":"https:\/\/cftc-dartyidf.fr\/?p=1260"},"modified":"2017-11-21T11:06:21","modified_gmt":"2017-11-21T10:06:21","slug":"negos-delegues-syndicaux-cftc-repond","status":"publish","type":"post","link":"https:\/\/cftc-dartyidf.fr\/index.php\/2017\/11\/21\/negos-delegues-syndicaux-cftc-repond\/","title":{"rendered":"Des n\u00e9gos sans d\u00e9l\u00e9gu\u00e9s syndicaux ? La CFTC r\u00e9pond"},"content":{"rendered":"<p><span class=\"embed-youtube\" style=\"text-align:center; display: block;\"><iframe loading=\"lazy\" class=\"youtube-player\" width=\"1200\" height=\"675\" src=\"https:\/\/www.youtube.com\/embed\/s48CGmUtSxs?version=3&#038;rel=1&#038;showsearch=0&#038;showinfo=1&#038;iv_load_policy=1&#038;fs=1&#038;hl=fr-FR&#038;autohide=2&#038;wmode=transparent\" allowfullscreen=\"true\" style=\"border:0;\" sandbox=\"allow-scripts allow-same-origin allow-popups allow-presentation allow-popups-to-escape-sandbox\"><\/iframe><\/span><\/p>\n<p><strong>Le 6 novembre 2017 se tenait sous forme de table ronde \u00e0 l\u2019Assembl\u00e9e Nationale l\u2019audition des Organisations Syndicales visant \u00e0 examiner le projet de loi ratifiant les ordonnances de r\u00e9forme du Code du Travail. <\/strong><\/p>\n<p>A ce titre, Pierre Jardon, secr\u00e9taire conf\u00e9d\u00e9ral en charge du dialogue social, repr\u00e9sentait la CFTC. Durant les auditions, la question qui a le plus fait d\u00e9bat est celle de la possibilit\u00e9 de n\u00e9gocier sans syndicats.<\/p>\n<p>Nous avons rappel\u00e9 que\u00a0:<\/p>\n<ul>\n<li>La CFTC n\u2019est pas favorable \u00e0 cette possibilit\u00e9 mais, l\u2019extr\u00eame faiblesse d\u2019implantation de ces derniers dans les entreprises de moins de 50 salari\u00e9s (4% de taux de couverture), invite \u00e0 consid\u00e9rer la mesure avec beaucoup de pragmatisme. Il appartiendra aux organisations syndicales de convaincre les salari\u00e9s de ces entreprises que leurs int\u00e9r\u00eats seront mieux compris et mieux d\u00e9fendus avec le soutien d\u2019organisations exp\u00e9riment\u00e9es plut\u00f4t que sans.<\/li>\n<li>La CFTC a revendiqu\u00e9 et obtenu le maintien de la possibilit\u00e9 de recourir au mandatement. De plus, l\u2019obligation d\u2019information du souhait de n\u00e9gocier qui p\u00e8se sur l\u2019employeur ainsi que la possibilit\u00e9 pour notre organisation de mandater un salari\u00e9 nous permet de pr\u00e9server l\u2019une de nos principales attributions : celle de n\u00e9gocier.<\/li>\n<li>La CFTC ne cautionne pas la possibilit\u00e9 ouverte aux entreprises de onze \u00e0 vingt salari\u00e9s, d\u00e9pourvues d\u2019\u00e9lus, de soumettre \u00e0 la ratification du personnel un texte con\u00e7u et r\u00e9dig\u00e9 par le seul employeur. La disposition appara\u00eet pour le moins \u00e9loign\u00e9e, sinon contraire \u00e0 l\u2019objectif de renforcement du dialogue social et de ses acteurs.<\/li>\n<\/ul>\n<p>Les d\u00e9put\u00e9s ont ensuite pris la parole pour questionner les OS. Alors que les ordonnances, dans leur intitul\u00e9, visent <em>\u00e0 renforcer le dialogue social<\/em>, Dominique Da Silva, d\u00e9put\u00e9 LREM du Val d\u2019Oise, a remis en cause la l\u00e9gitimit\u00e9 de la repr\u00e9sentativit\u00e9 des syndicats. R\u00e9ponse en vid\u00e9o de Pierre Jardon, secr\u00e9taire conf\u00e9d\u00e9ral CFTC en charge du dialogue social.<\/p>\n","protected":false},"excerpt":{"rendered":"<p>Le 6 novembre 2017 se tenait sous forme de table ronde \u00e0 l\u2019Assembl\u00e9e Nationale l\u2019audition des Organisations Syndicales visant \u00e0 examiner le projet de loi ratifiant les ordonnances de r\u00e9forme &#8230; <a title=\"Des n\u00e9gos sans d\u00e9l\u00e9gu\u00e9s syndicaux ? La CFTC r\u00e9pond\" class=\"read-more\" href=\"https:\/\/cftc-dartyidf.fr\/index.php\/2017\/11\/21\/negos-delegues-syndicaux-cftc-repond\/\" aria-label=\"En savoir plus sur Des n\u00e9gos sans d\u00e9l\u00e9gu\u00e9s syndicaux ? La CFTC r\u00e9pond\">Lire plus<\/a><\/p>\n","protected":false},"author":1,"featured_media":1262,"comment_status":"closed","ping_status":"closed","sticky":false,"template":"","format":"standard","meta":{"generate_page_header":"","_price":"","_stock":"","_tribe_ticket_header":"","_tribe_default_ticket_provider":"","_tribe_ticket_capacity":"0","_ticket_start_date":"","_ticket_end_date":"","_tribe_ticket_show_description":"","_tribe_ticket_show_not_going":false,"_tribe_ticket_use_global_stock":"","_tribe_ticket_global_stock_level":"","_global_stock_mode":"","_global_stock_cap":"","_tribe_rsvp_for_event":"","_tribe_ticket_going_count":"","_tribe_ticket_not_going_count":"","_tribe_tickets_list":"[]","_tribe_ticket_has_attendee_info_fields":false,"jetpack_post_was_ever_published":false,"_jetpack_newsletter_access":"","_jetpack_dont_email_post_to_subs":false,"_jetpack_newsletter_tier_id":0,"_jetpack_memberships_contains_paywalled_content":false,"_jetpack_memberships_contains_paid_content":false,"footnotes":"","jetpack_publicize_message":"","jetpack_publicize_feature_enabled":true,"jetpack_social_post_already_shared":true,"jetpack_social_options":{"image_generator_settings":{"template":"highway","default_image_id":0,"font":"","enabled":false},"version":2}},"categories":[1],"tags":[],"class_list":["post-1260","post","type-post","status-publish","format-standard","has-post-thumbnail","hentry","category-accueil","generate-columns","tablet-grid-50","mobile-grid-100","grid-parent","grid-50","resize-featured-image"],"yoast_head":"<!-- This site is optimized with the Yoast SEO plugin v27.5 - https:\/\/yoast.com\/product\/yoast-seo-wordpress\/ -->\n<title>Des n\u00e9gos sans d\u00e9l\u00e9gu\u00e9s syndicaux ? La CFTC r\u00e9pond - CFTC-Darty IDF<\/title>\n<meta name=\"robots\" content=\"index, follow, max-snippet:-1, max-image-preview:large, max-video-preview:-1\" \/>\n<link rel=\"canonical\" href=\"https:\/\/cftc-dartyidf.fr\/index.php\/2017\/11\/21\/negos-delegues-syndicaux-cftc-repond\/\" \/>\n<meta property=\"og:locale\" content=\"fr_FR\" \/>\n<meta property=\"og:type\" content=\"article\" \/>\n<meta property=\"og:title\" content=\"Des n\u00e9gos sans d\u00e9l\u00e9gu\u00e9s syndicaux ? La CFTC r\u00e9pond - CFTC-Darty IDF\" \/>\n<meta property=\"og:description\" content=\"Le 6 novembre 2017 se tenait sous forme de table ronde \u00e0 l\u2019Assembl\u00e9e Nationale l\u2019audition des Organisations Syndicales visant \u00e0 examiner le projet de loi ratifiant les ordonnances de r\u00e9forme ... Lire plus\" \/>\n<meta property=\"og:url\" content=\"https:\/\/cftc-dartyidf.fr\/index.php\/2017\/11\/21\/negos-delegues-syndicaux-cftc-repond\/\" \/>\n<meta property=\"og:site_name\" content=\"CFTC-Darty IDF\" \/>\n<meta property=\"article:published_time\" content=\"2017-11-21T10:01:29+00:00\" \/>\n<meta property=\"article:modified_time\" content=\"2017-11-21T10:06:21+00:00\" \/>\n<meta property=\"og:image\" content=\"https:\/\/cftc-dartyidf.fr\/wp-content\/uploads\/2017\/11\/CFTC.png\" \/>\n\t<meta property=\"og:image:width\" content=\"1590\" \/>\n\t<meta property=\"og:image:height\" content=\"886\" \/>\n\t<meta property=\"og:image:type\" content=\"image\/png\" \/>\n<meta name=\"author\" content=\"webcsfv\" \/>\n<meta name=\"twitter:card\" content=\"summary_large_image\" \/>\n<meta name=\"twitter:label1\" content=\"\u00c9crit par\" \/>\n\t<meta name=\"twitter:data1\" content=\"webcsfv\" \/>\n\t<meta name=\"twitter:label2\" content=\"Dur\u00e9e de lecture estim\u00e9e\" \/>\n\t<meta name=\"twitter:data2\" content=\"2 minutes\" \/>\n<script type=\"application\/ld+json\" class=\"yoast-schema-graph\">{\"@context\":\"https:\\\/\\\/schema.org\",\"@graph\":[{\"@type\":\"Article\",\"@id\":\"https:\\\/\\\/cftc-dartyidf.fr\\\/index.php\\\/2017\\\/11\\\/21\\\/negos-delegues-syndicaux-cftc-repond\\\/#article\",\"isPartOf\":{\"@id\":\"https:\\\/\\\/cftc-dartyidf.fr\\\/index.php\\\/2017\\\/11\\\/21\\\/negos-delegues-syndicaux-cftc-repond\\\/\"},\"author\":{\"name\":\"webcsfv\",\"@id\":\"https:\\\/\\\/cftc-dartyidf.fr\\\/#\\\/schema\\\/person\\\/71ee82537a022b7e374bcb7943ef2cd2\"},\"headline\":\"Des n\u00e9gos sans d\u00e9l\u00e9gu\u00e9s syndicaux ? La CFTC r\u00e9pond\",\"datePublished\":\"2017-11-21T10:01:29+00:00\",\"dateModified\":\"2017-11-21T10:06:21+00:00\",\"mainEntityOfPage\":{\"@id\":\"https:\\\/\\\/cftc-dartyidf.fr\\\/index.php\\\/2017\\\/11\\\/21\\\/negos-delegues-syndicaux-cftc-repond\\\/\"},\"wordCount\":356,\"image\":{\"@id\":\"https:\\\/\\\/cftc-dartyidf.fr\\\/index.php\\\/2017\\\/11\\\/21\\\/negos-delegues-syndicaux-cftc-repond\\\/#primaryimage\"},\"thumbnailUrl\":\"https:\\\/\\\/cftc-dartyidf.fr\\\/wp-content\\\/uploads\\\/2017\\\/11\\\/CFTC.png\",\"articleSection\":[\"Accueil\"],\"inLanguage\":\"fr-FR\"},{\"@type\":\"WebPage\",\"@id\":\"https:\\\/\\\/cftc-dartyidf.fr\\\/index.php\\\/2017\\\/11\\\/21\\\/negos-delegues-syndicaux-cftc-repond\\\/\",\"url\":\"https:\\\/\\\/cftc-dartyidf.fr\\\/index.php\\\/2017\\\/11\\\/21\\\/negos-delegues-syndicaux-cftc-repond\\\/\",\"name\":\"Des n\u00e9gos sans d\u00e9l\u00e9gu\u00e9s syndicaux ? La CFTC r\u00e9pond - CFTC-Darty IDF\",\"isPartOf\":{\"@id\":\"https:\\\/\\\/cftc-dartyidf.fr\\\/#website\"},\"primaryImageOfPage\":{\"@id\":\"https:\\\/\\\/cftc-dartyidf.fr\\\/index.php\\\/2017\\\/11\\\/21\\\/negos-delegues-syndicaux-cftc-repond\\\/#primaryimage\"},\"image\":{\"@id\":\"https:\\\/\\\/cftc-dartyidf.fr\\\/index.php\\\/2017\\\/11\\\/21\\\/negos-delegues-syndicaux-cftc-repond\\\/#primaryimage\"},\"thumbnailUrl\":\"https:\\\/\\\/cftc-dartyidf.fr\\\/wp-content\\\/uploads\\\/2017\\\/11\\\/CFTC.png\",\"datePublished\":\"2017-11-21T10:01:29+00:00\",\"dateModified\":\"2017-11-21T10:06:21+00:00\",\"author\":{\"@id\":\"https:\\\/\\\/cftc-dartyidf.fr\\\/#\\\/schema\\\/person\\\/71ee82537a022b7e374bcb7943ef2cd2\"},\"breadcrumb\":{\"@id\":\"https:\\\/\\\/cftc-dartyidf.fr\\\/index.php\\\/2017\\\/11\\\/21\\\/negos-delegues-syndicaux-cftc-repond\\\/#breadcrumb\"},\"inLanguage\":\"fr-FR\",\"potentialAction\":[{\"@type\":\"ReadAction\",\"target\":[\"https:\\\/\\\/cftc-dartyidf.fr\\\/index.php\\\/2017\\\/11\\\/21\\\/negos-delegues-syndicaux-cftc-repond\\\/\"]}]},{\"@type\":\"ImageObject\",\"inLanguage\":\"fr-FR\",\"@id\":\"https:\\\/\\\/cftc-dartyidf.fr\\\/index.php\\\/2017\\\/11\\\/21\\\/negos-delegues-syndicaux-cftc-repond\\\/#primaryimage\",\"url\":\"https:\\\/\\\/cftc-dartyidf.fr\\\/wp-content\\\/uploads\\\/2017\\\/11\\\/CFTC.png\",\"contentUrl\":\"https:\\\/\\\/cftc-dartyidf.fr\\\/wp-content\\\/uploads\\\/2017\\\/11\\\/CFTC.png\",\"width\":1590,\"height\":886},{\"@type\":\"BreadcrumbList\",\"@id\":\"https:\\\/\\\/cftc-dartyidf.fr\\\/index.php\\\/2017\\\/11\\\/21\\\/negos-delegues-syndicaux-cftc-repond\\\/#breadcrumb\",\"itemListElement\":[{\"@type\":\"ListItem\",\"position\":1,\"name\":\"Accueil\",\"item\":\"https:\\\/\\\/cftc-dartyidf.fr\\\/\"},{\"@type\":\"ListItem\",\"position\":2,\"name\":\"Des n\u00e9gos sans d\u00e9l\u00e9gu\u00e9s syndicaux ? La CFTC r\u00e9pond\"}]},{\"@type\":\"WebSite\",\"@id\":\"https:\\\/\\\/cftc-dartyidf.fr\\\/#website\",\"url\":\"https:\\\/\\\/cftc-dartyidf.fr\\\/\",\"name\":\"CFTC-Darty IDF\",\"description\":\"Le site de la section syndicale CFTC chez Darty IDF\",\"potentialAction\":[{\"@type\":\"SearchAction\",\"target\":{\"@type\":\"EntryPoint\",\"urlTemplate\":\"https:\\\/\\\/cftc-dartyidf.fr\\\/?s={search_term_string}\"},\"query-input\":{\"@type\":\"PropertyValueSpecification\",\"valueRequired\":true,\"valueName\":\"search_term_string\"}}],\"inLanguage\":\"fr-FR\"},{\"@type\":\"Person\",\"@id\":\"https:\\\/\\\/cftc-dartyidf.fr\\\/#\\\/schema\\\/person\\\/71ee82537a022b7e374bcb7943ef2cd2\",\"name\":\"webcsfv\",\"image\":{\"@type\":\"ImageObject\",\"inLanguage\":\"fr-FR\",\"@id\":\"https:\\\/\\\/secure.gravatar.com\\\/avatar\\\/3d8bf08c8feaca537ce41c2b95cec6c85a8036a1687877b5eb7cb09dcb9b6f06?s=96&d=mm&r=g\",\"url\":\"https:\\\/\\\/secure.gravatar.com\\\/avatar\\\/3d8bf08c8feaca537ce41c2b95cec6c85a8036a1687877b5eb7cb09dcb9b6f06?s=96&d=mm&r=g\",\"contentUrl\":\"https:\\\/\\\/secure.gravatar.com\\\/avatar\\\/3d8bf08c8feaca537ce41c2b95cec6c85a8036a1687877b5eb7cb09dcb9b6f06?s=96&d=mm&r=g\",\"caption\":\"webcsfv\"},\"url\":\"https:\\\/\\\/cftc-dartyidf.fr\\\/index.php\\\/author\\\/webcsfv\\\/\"}]}<\/script>\n<!-- \/ Yoast SEO plugin. -->","yoast_head_json":{"title":"Des n\u00e9gos sans d\u00e9l\u00e9gu\u00e9s syndicaux ? La CFTC r\u00e9pond - CFTC-Darty IDF","robots":{"index":"index","follow":"follow","max-snippet":"max-snippet:-1","max-image-preview":"max-image-preview:large","max-video-preview":"max-video-preview:-1"},"canonical":"https:\/\/cftc-dartyidf.fr\/index.php\/2017\/11\/21\/negos-delegues-syndicaux-cftc-repond\/","og_locale":"fr_FR","og_type":"article","og_title":"Des n\u00e9gos sans d\u00e9l\u00e9gu\u00e9s syndicaux ? La CFTC r\u00e9pond - CFTC-Darty IDF","og_description":"Le 6 novembre 2017 se tenait sous forme de table ronde \u00e0 l\u2019Assembl\u00e9e Nationale l\u2019audition des Organisations Syndicales visant \u00e0 examiner le projet de loi ratifiant les ordonnances de r\u00e9forme ... Lire plus","og_url":"https:\/\/cftc-dartyidf.fr\/index.php\/2017\/11\/21\/negos-delegues-syndicaux-cftc-repond\/","og_site_name":"CFTC-Darty IDF","article_published_time":"2017-11-21T10:01:29+00:00","article_modified_time":"2017-11-21T10:06:21+00:00","og_image":[{"width":1590,"height":886,"url":"https:\/\/cftc-dartyidf.fr\/wp-content\/uploads\/2017\/11\/CFTC.png","type":"image\/png"}],"author":"webcsfv","twitter_card":"summary_large_image","twitter_misc":{"\u00c9crit par":"webcsfv","Dur\u00e9e de lecture estim\u00e9e":"2 minutes"},"schema":{"@context":"https:\/\/schema.org","@graph":[{"@type":"Article","@id":"https:\/\/cftc-dartyidf.fr\/index.php\/2017\/11\/21\/negos-delegues-syndicaux-cftc-repond\/#article","isPartOf":{"@id":"https:\/\/cftc-dartyidf.fr\/index.php\/2017\/11\/21\/negos-delegues-syndicaux-cftc-repond\/"},"author":{"name":"webcsfv","@id":"https:\/\/cftc-dartyidf.fr\/#\/schema\/person\/71ee82537a022b7e374bcb7943ef2cd2"},"headline":"Des n\u00e9gos sans d\u00e9l\u00e9gu\u00e9s syndicaux ? La CFTC r\u00e9pond","datePublished":"2017-11-21T10:01:29+00:00","dateModified":"2017-11-21T10:06:21+00:00","mainEntityOfPage":{"@id":"https:\/\/cftc-dartyidf.fr\/index.php\/2017\/11\/21\/negos-delegues-syndicaux-cftc-repond\/"},"wordCount":356,"image":{"@id":"https:\/\/cftc-dartyidf.fr\/index.php\/2017\/11\/21\/negos-delegues-syndicaux-cftc-repond\/#primaryimage"},"thumbnailUrl":"https:\/\/cftc-dartyidf.fr\/wp-content\/uploads\/2017\/11\/CFTC.png","articleSection":["Accueil"],"inLanguage":"fr-FR"},{"@type":"WebPage","@id":"https:\/\/cftc-dartyidf.fr\/index.php\/2017\/11\/21\/negos-delegues-syndicaux-cftc-repond\/","url":"https:\/\/cftc-dartyidf.fr\/index.php\/2017\/11\/21\/negos-delegues-syndicaux-cftc-repond\/","name":"Des n\u00e9gos sans d\u00e9l\u00e9gu\u00e9s syndicaux ? La CFTC r\u00e9pond - CFTC-Darty IDF","isPartOf":{"@id":"https:\/\/cftc-dartyidf.fr\/#website"},"primaryImageOfPage":{"@id":"https:\/\/cftc-dartyidf.fr\/index.php\/2017\/11\/21\/negos-delegues-syndicaux-cftc-repond\/#primaryimage"},"image":{"@id":"https:\/\/cftc-dartyidf.fr\/index.php\/2017\/11\/21\/negos-delegues-syndicaux-cftc-repond\/#primaryimage"},"thumbnailUrl":"https:\/\/cftc-dartyidf.fr\/wp-content\/uploads\/2017\/11\/CFTC.png","datePublished":"2017-11-21T10:01:29+00:00","dateModified":"2017-11-21T10:06:21+00:00","author":{"@id":"https:\/\/cftc-dartyidf.fr\/#\/schema\/person\/71ee82537a022b7e374bcb7943ef2cd2"},"breadcrumb":{"@id":"https:\/\/cftc-dartyidf.fr\/index.php\/2017\/11\/21\/negos-delegues-syndicaux-cftc-repond\/#breadcrumb"},"inLanguage":"fr-FR","potentialAction":[{"@type":"ReadAction","target":["https:\/\/cftc-dartyidf.fr\/index.php\/2017\/11\/21\/negos-delegues-syndicaux-cftc-repond\/"]}]},{"@type":"ImageObject","inLanguage":"fr-FR","@id":"https:\/\/cftc-dartyidf.fr\/index.php\/2017\/11\/21\/negos-delegues-syndicaux-cftc-repond\/#primaryimage","url":"https:\/\/cftc-dartyidf.fr\/wp-content\/uploads\/2017\/11\/CFTC.png","contentUrl":"https:\/\/cftc-dartyidf.fr\/wp-content\/uploads\/2017\/11\/CFTC.png","width":1590,"height":886},{"@type":"BreadcrumbList","@id":"https:\/\/cftc-dartyidf.fr\/index.php\/2017\/11\/21\/negos-delegues-syndicaux-cftc-repond\/#breadcrumb","itemListElement":[{"@type":"ListItem","position":1,"name":"Accueil","item":"https:\/\/cftc-dartyidf.fr\/"},{"@type":"ListItem","position":2,"name":"Des n\u00e9gos sans d\u00e9l\u00e9gu\u00e9s syndicaux ? La CFTC r\u00e9pond"}]},{"@type":"WebSite","@id":"https:\/\/cftc-dartyidf.fr\/#website","url":"https:\/\/cftc-dartyidf.fr\/","name":"CFTC-Darty IDF","description":"Le site de la section syndicale CFTC chez Darty IDF","potentialAction":[{"@type":"SearchAction","target":{"@type":"EntryPoint","urlTemplate":"https:\/\/cftc-dartyidf.fr\/?s={search_term_string}"},"query-input":{"@type":"PropertyValueSpecification","valueRequired":true,"valueName":"search_term_string"}}],"inLanguage":"fr-FR"},{"@type":"Person","@id":"https:\/\/cftc-dartyidf.fr\/#\/schema\/person\/71ee82537a022b7e374bcb7943ef2cd2","name":"webcsfv","image":{"@type":"ImageObject","inLanguage":"fr-FR","@id":"https:\/\/secure.gravatar.com\/avatar\/3d8bf08c8feaca537ce41c2b95cec6c85a8036a1687877b5eb7cb09dcb9b6f06?s=96&d=mm&r=g","url":"https:\/\/secure.gravatar.com\/avatar\/3d8bf08c8feaca537ce41c2b95cec6c85a8036a1687877b5eb7cb09dcb9b6f06?s=96&d=mm&r=g","contentUrl":"https:\/\/secure.gravatar.com\/avatar\/3d8bf08c8feaca537ce41c2b95cec6c85a8036a1687877b5eb7cb09dcb9b6f06?s=96&d=mm&r=g","caption":"webcsfv"},"url":"https:\/\/cftc-dartyidf.fr\/index.php\/author\/webcsfv\/"}]}},"jetpack_publicize_connections":[],"jetpack_featured_media_url":"https:\/\/cftc-dartyidf.fr\/wp-content\/uploads\/2017\/11\/CFTC.png","jetpack_sharing_enabled":true,"jetpack_shortlink":"https:\/\/wp.me\/p8n98f-kk","jetpack-related-posts":[{"id":1611,"url":"https:\/\/cftc-dartyidf.fr\/index.php\/2018\/06\/21\/qvt-ou-en-est-on-de-la-creation-dun-comite-de-suivi\/","url_meta":{"origin":1260,"position":0},"title":"QVT : O\u00f9 en est-on de la cr\u00e9ation d&#8217;un comit\u00e9 de suivi ?","author":"webcsfv","date":"21\/06\/2018","format":false,"excerpt":"Pour la CFTC la qualit\u00e9 de vie au travail (QVT) figure parmi les attentes fortes des salari\u00e9s et constitue un levier de performance pour les entreprises. Toutefois, la QVT est un sujet large, pas toujours bien compris des acteurs. Les accords \u00ab qualit\u00e9 de vie au travail \u00bb qui ont\u2026","rel":"","context":"Dans &quot;Accueil&quot;","block_context":{"text":"Accueil","link":"https:\/\/cftc-dartyidf.fr\/index.php\/category\/accueil\/"},"img":{"alt_text":"","src":"https:\/\/i0.wp.com\/cftc-dartyidf.fr\/wp-content\/uploads\/2018\/06\/semaine-de-la-qvt.jpg?resize=350%2C200&ssl=1","width":350,"height":200,"srcset":"https:\/\/i0.wp.com\/cftc-dartyidf.fr\/wp-content\/uploads\/2018\/06\/semaine-de-la-qvt.jpg?resize=350%2C200&ssl=1 1x, https:\/\/i0.wp.com\/cftc-dartyidf.fr\/wp-content\/uploads\/2018\/06\/semaine-de-la-qvt.jpg?resize=525%2C300&ssl=1 1.5x, https:\/\/i0.wp.com\/cftc-dartyidf.fr\/wp-content\/uploads\/2018\/06\/semaine-de-la-qvt.jpg?resize=700%2C400&ssl=1 2x, https:\/\/i0.wp.com\/cftc-dartyidf.fr\/wp-content\/uploads\/2018\/06\/semaine-de-la-qvt.jpg?resize=1050%2C600&ssl=1 3x"},"classes":[]},{"id":1503,"url":"https:\/\/cftc-dartyidf.fr\/index.php\/2018\/03\/27\/synthedr-cftc-ordonnances-macron\/","url_meta":{"origin":1260,"position":1},"title":"Synth\u00e8se CFTC des ordonnances Macron","author":"webcsfv","date":"27\/03\/2018","format":false,"excerpt":"Depuis la parution des projets d\u2019ordonnances fin ao\u00fbt, de nombreux \u00e9changes dans le Mouvement, dans nos Instances t\u00e9moignent des interrogations suscit\u00e9es par leur contenu. \u00c0 la CFTC, comme pour l\u2019ensemble du pays, ces ordonnances ont \u00e9t\u00e9 diversement accueillies. Cette diversit\u00e9 qui est notre richesse ne doit pas s\u2019opposer \u00e0 la\u2026","rel":"","context":"Dans &quot;Accueil&quot;","block_context":{"text":"Accueil","link":"https:\/\/cftc-dartyidf.fr\/index.php\/category\/accueil\/"},"img":{"alt_text":"","src":"https:\/\/i0.wp.com\/cftc-dartyidf.fr\/wp-content\/uploads\/2018\/03\/cftc-ordonnances.jpg?resize=350%2C200&ssl=1","width":350,"height":200,"srcset":"https:\/\/i0.wp.com\/cftc-dartyidf.fr\/wp-content\/uploads\/2018\/03\/cftc-ordonnances.jpg?resize=350%2C200&ssl=1 1x, https:\/\/i0.wp.com\/cftc-dartyidf.fr\/wp-content\/uploads\/2018\/03\/cftc-ordonnances.jpg?resize=525%2C300&ssl=1 1.5x"},"classes":[]},{"id":1274,"url":"https:\/\/cftc-dartyidf.fr\/index.php\/2017\/12\/04\/travail-du-dimanche\/","url_meta":{"origin":1260,"position":2},"title":"Travail du dimanche","author":"webcsfv","date":"04\/12\/2017","format":false,"excerpt":"\"Ne basculons pas dans une soci\u00e9t\u00e9 o\u00f9 c'est le commerce qui dicte sa loi \u00e0 la vie personnelle\", s'insurge Joseph Touvenel INVIT\u00c9 RTL - Le travail le dimanche devient de plus en plus banal, deux ans apr\u00e8s l'adoption de la loi Macron. Deux ans apr\u00e8s l\u2019adoption de la loi Macron,\u2026","rel":"","context":"Dans &quot;Accueil&quot;","block_context":{"text":"Accueil","link":"https:\/\/cftc-dartyidf.fr\/index.php\/category\/accueil\/"},"img":{"alt_text":"","src":"https:\/\/i0.wp.com\/cftc-dartyidf.fr\/wp-content\/uploads\/2017\/12\/dimcftc.jpg?resize=350%2C200&ssl=1","width":350,"height":200,"srcset":"https:\/\/i0.wp.com\/cftc-dartyidf.fr\/wp-content\/uploads\/2017\/12\/dimcftc.jpg?resize=350%2C200&ssl=1 1x, https:\/\/i0.wp.com\/cftc-dartyidf.fr\/wp-content\/uploads\/2017\/12\/dimcftc.jpg?resize=525%2C300&ssl=1 1.5x"},"classes":[]},{"id":1255,"url":"https:\/\/cftc-dartyidf.fr\/index.php\/2017\/11\/19\/verites-negociations-travail-de-nuit\/","url_meta":{"origin":1260,"position":3},"title":"La v\u00e9rit\u00e9 sur les n\u00e9gociations du travail de nuit","author":"webcsfv","date":"19\/11\/2017","format":false,"excerpt":"Bonsoir \u00e0 tous, Suite \u00e0 plusieurs questions concernant la r\u00e9mun\u00e9ration des collaborateurs travaillant en soir\u00e9e, je vous informe que des n\u00e9gociations sont toujours en cours avec les Organisations Syndicales. Je ne manquerais pas de revenir vers vous d\u00e8s que les mesures d\u00e9finitives seront arr\u00eat\u00e9es, d\u2019ici-l\u00e0 il n\u2019y a aucun changement.\u2026","rel":"","context":"Dans &quot;Accueil&quot;","block_context":{"text":"Accueil","link":"https:\/\/cftc-dartyidf.fr\/index.php\/category\/accueil\/"},"img":{"alt_text":"","src":"https:\/\/i0.wp.com\/cftc-dartyidf.fr\/wp-content\/uploads\/2017\/11\/verite.jpg?resize=350%2C200&ssl=1","width":350,"height":200,"srcset":"https:\/\/i0.wp.com\/cftc-dartyidf.fr\/wp-content\/uploads\/2017\/11\/verite.jpg?resize=350%2C200&ssl=1 1x, https:\/\/i0.wp.com\/cftc-dartyidf.fr\/wp-content\/uploads\/2017\/11\/verite.jpg?resize=525%2C300&ssl=1 1.5x, https:\/\/i0.wp.com\/cftc-dartyidf.fr\/wp-content\/uploads\/2017\/11\/verite.jpg?resize=700%2C400&ssl=1 2x, https:\/\/i0.wp.com\/cftc-dartyidf.fr\/wp-content\/uploads\/2017\/11\/verite.jpg?resize=1050%2C600&ssl=1 3x"},"classes":[]},{"id":1553,"url":"https:\/\/cftc-dartyidf.fr\/index.php\/2018\/05\/15\/les-actionnaires-se-partagent-plus-de-deux-tiers-des-benefices-du-cac-40\/","url_meta":{"origin":1260,"position":4},"title":"Les actionnaires se partagent plus de deux tiers des b\u00e9n\u00e9fices du CAC 40","author":"webcsfv","date":"15\/05\/2018","format":false,"excerpt":"L'ONG Oxfam d\u00e9nonce, dans un rapport, l'in\u00e9quitable r\u00e9partition des b\u00e9n\u00e9fices entre actionnaires, investisseurs, salari\u00e9s et \u00c9tat pour les entreprises du CAC 40. Une in\u00e9galit\u00e9 qui tend \u00e0 s'accro\u00eetre. Les richesses n'ont jamais \u00e9t\u00e9 aussi mal partag\u00e9es. C'est le constat de l'ONG Oxfam qui publie ce lundi une \u00e9tude in\u00e9dite sur\u2026","rel":"","context":"Dans &quot;Accueil&quot;","block_context":{"text":"Accueil","link":"https:\/\/cftc-dartyidf.fr\/index.php\/category\/accueil\/"},"img":{"alt_text":"","src":"https:\/\/i0.wp.com\/cftc-dartyidf.fr\/wp-content\/uploads\/2018\/05\/dividendes.jpg?resize=350%2C200&ssl=1","width":350,"height":200,"srcset":"https:\/\/i0.wp.com\/cftc-dartyidf.fr\/wp-content\/uploads\/2018\/05\/dividendes.jpg?resize=350%2C200&ssl=1 1x, https:\/\/i0.wp.com\/cftc-dartyidf.fr\/wp-content\/uploads\/2018\/05\/dividendes.jpg?resize=525%2C300&ssl=1 1.5x"},"classes":[]},{"id":1287,"url":"https:\/\/cftc-dartyidf.fr\/index.php\/2017\/12\/06\/non-gel-smic\/","url_meta":{"origin":1260,"position":5},"title":"NON AU GEL DU SMIC !","author":"webcsfv","date":"06\/12\/2017","format":false,"excerpt":"Pantin, 5 d\u00e9cembre 2017 NON AU GEL DU SMIC ! Une nouvelle fois, en remettant son rapport annuel, le groupe d\u2019experts charg\u00e9 de plancher sur le SMIC conseille au gouvernement de ne pas octroyer de coup de pouce au salaire minimum. Une nouvelle fois, la CFTC le regrette, mais comme\u2026","rel":"","context":"Dans &quot;Accueil&quot;","block_context":{"text":"Accueil","link":"https:\/\/cftc-dartyidf.fr\/index.php\/category\/accueil\/"},"img":{"alt_text":"","src":"https:\/\/i0.wp.com\/cftc-dartyidf.fr\/wp-content\/uploads\/2017\/11\/CFTC.png?resize=350%2C200&ssl=1","width":350,"height":200,"srcset":"https:\/\/i0.wp.com\/cftc-dartyidf.fr\/wp-content\/uploads\/2017\/11\/CFTC.png?resize=350%2C200&ssl=1 1x, https:\/\/i0.wp.com\/cftc-dartyidf.fr\/wp-content\/uploads\/2017\/11\/CFTC.png?resize=525%2C300&ssl=1 1.5x, https:\/\/i0.wp.com\/cftc-dartyidf.fr\/wp-content\/uploads\/2017\/11\/CFTC.png?resize=700%2C400&ssl=1 2x, https:\/\/i0.wp.com\/cftc-dartyidf.fr\/wp-content\/uploads\/2017\/11\/CFTC.png?resize=1050%2C600&ssl=1 3x, https:\/\/i0.wp.com\/cftc-dartyidf.fr\/wp-content\/uploads\/2017\/11\/CFTC.png?resize=1400%2C800&ssl=1 4x"},"classes":[]}],"_links":{"self":[{"href":"https:\/\/cftc-dartyidf.fr\/index.php\/wp-json\/wp\/v2\/posts\/1260","targetHints":{"allow":["GET"]}}],"collection":[{"href":"https:\/\/cftc-dartyidf.fr\/index.php\/wp-json\/wp\/v2\/posts"}],"about":[{"href":"https:\/\/cftc-dartyidf.fr\/index.php\/wp-json\/wp\/v2\/types\/post"}],"author":[{"embeddable":true,"href":"https:\/\/cftc-dartyidf.fr\/index.php\/wp-json\/wp\/v2\/users\/1"}],"replies":[{"embeddable":true,"href":"https:\/\/cftc-dartyidf.fr\/index.php\/wp-json\/wp\/v2\/comments?post=1260"}],"version-history":[{"count":1,"href":"https:\/\/cftc-dartyidf.fr\/index.php\/wp-json\/wp\/v2\/posts\/1260\/revisions"}],"predecessor-version":[{"id":1261,"href":"https:\/\/cftc-dartyidf.fr\/index.php\/wp-json\/wp\/v2\/posts\/1260\/revisions\/1261"}],"wp:featuredmedia":[{"embeddable":true,"href":"https:\/\/cftc-dartyidf.fr\/index.php\/wp-json\/wp\/v2\/media\/1262"}],"wp:attachment":[{"href":"https:\/\/cftc-dartyidf.fr\/index.php\/wp-json\/wp\/v2\/media?parent=1260"}],"wp:term":[{"taxonomy":"category","embeddable":true,"href":"https:\/\/cftc-dartyidf.fr\/index.php\/wp-json\/wp\/v2\/categories?post=1260"},{"taxonomy":"post_tag","embeddable":true,"href":"https:\/\/cftc-dartyidf.fr\/index.php\/wp-json\/wp\/v2\/tags?post=1260"}],"curies":[{"name":"wp","href":"https:\/\/api.w.org\/{rel}","templated":true}]}}