{"id":1255,"date":"2017-11-19T11:00:22","date_gmt":"2017-11-19T10:00:22","guid":{"rendered":"https:\/\/cftc-dartyidf.fr\/?p=1255"},"modified":"2017-11-19T11:05:53","modified_gmt":"2017-11-19T10:05:53","slug":"verites-negociations-travail-de-nuit","status":"publish","type":"post","link":"https:\/\/cftc-dartyidf.fr\/index.php\/2017\/11\/19\/verites-negociations-travail-de-nuit\/","title":{"rendered":"La v\u00e9rit\u00e9 sur les n\u00e9gociations du travail de nuit"},"content":{"rendered":"<div class=\"_n_m3\">\n<div class=\"conductorContent\" tabindex=\"-1\" role=\"presentation\">\n<div id=\"primaryContainer\" class=\"_n_e\">\n<div>\n<div class=\"conductorContent\" tabindex=\"-1\" role=\"presentation\">\n<div class=\"_n_T\">\n<div class=\"_n_X\" role=\"main\" aria-label=\"courrier\">\n<div class=\"_n_X\">\n<div>\n<div class=\"_n_X\">\n<div class=\"_n_Y\">\n<div class=\"allowTextSelection\" role=\"document\">\n<div class=\"conductorContent\" role=\"presentation\">\n<div class=\"_rp_m5 ShowReferenceAttachmentsLinks ShowConsesusSchedulingLink\" tabindex=\"-1\" role=\"region\" aria-label=\"Volet de lecture\">\n<div class=\"_rp_m5 disableTextSelection\">\n<div class=\"_rp_p5 disableTextSelection customScrollBar scrollContainer\">\n<div class=\"_rp_y5\">\n<div>\n<div class=\"_rp_v5\">\n<div>\n<div class=\"_rp_w5 rpHighlightAllClass rpHighlightBodyClass allowTextSelection\">\n<div>\n<div id=\"Item.MessageNormalizedBody\" class=\"_rp_x5 ms-font-weight-regular ms-font-color-neutralDark\" style=\"font-family: 'wf_segoe-ui_normal','Segoe UI','Segoe WP',Tahoma,Arial,sans-serif,serif,'EmojiFont';\">\n<div class=\"rps_b093\">\n<div>\n<div>\n<div lang=\"FR\">\n<div class=\"x_x_WordSection1\">\n<p class=\"x_x_MsoNormal\"><em><strong>Bonsoir \u00e0 tous,<\/strong><\/em><\/p>\n<p class=\"x_x_MsoNormal\"><em><strong>Suite \u00e0 plusieurs questions concernant la r\u00e9mun\u00e9ration des collaborateurs travaillant en soir\u00e9e, je vous informe que des n\u00e9gociations sont toujours en cours avec les Organisations Syndicales.<\/strong><\/em><\/p>\n<p class=\"x_x_MsoNormal\"><em><strong>Je ne manquerais pas de revenir vers vous d\u00e8s que les mesures d\u00e9finitives seront arr\u00eat\u00e9es, d\u2019ici-l\u00e0 il n\u2019y a aucun changement.<\/strong><\/em><\/p>\n<p class=\"x_x_MsoNormal\"><em><strong>Bien \u00e0 vous<\/strong><\/em><\/p>\n<\/div>\n<p><em><strong>DRH<\/strong><\/em><\/p>\n<div class=\"_n_m3\">\n<div class=\"conductorContent\" tabindex=\"-1\" role=\"presentation\">\n<div id=\"primaryContainer\" class=\"_n_e\">\n<div>\n<div class=\"conductorContent\" tabindex=\"-1\" role=\"presentation\">\n<div class=\"_n_T\">\n<div class=\"_n_X\" role=\"main\" aria-label=\"courrier\">\n<div class=\"_n_X\">\n<div>\n<div class=\"_n_X\">\n<div class=\"_n_Y\">\n<div class=\"allowTextSelection\" role=\"document\">\n<div class=\"conductorContent\" role=\"presentation\">\n<div class=\"_rp_m5 ShowReferenceAttachmentsLinks ShowConsesusSchedulingLink\" tabindex=\"-1\" role=\"region\" aria-label=\"Volet de lecture\">\n<div class=\"_rp_m5 disableTextSelection\">\n<div class=\"_rp_p5 disableTextSelection customScrollBar scrollContainer\">\n<div class=\"_rp_y5\">\n<div>\n<div class=\"_rp_v5\">\n<div>\n<div class=\"_rp_w5 rpHighlightAllClass rpHighlightBodyClass allowTextSelection\">\n<div>\n<div id=\"Item.MessageNormalizedBody\" class=\"_rp_x5 ms-font-weight-regular ms-font-color-neutralDark\" style=\"font-family: 'wf_segoe-ui_normal','Segoe UI','Segoe WP',Tahoma,Arial,sans-serif,serif,'EmojiFont';\">\n<div class=\"rps_bccd\">\n<div>\n<div style=\"text-align: center;\"><span style=\"color: #ff0000;\">Si certaines organisations disent avoir obtenu des choses, il n&#8217;en est rien.<\/span><\/div>\n<\/div>\n<\/div>\n<\/div>\n<\/div>\n<\/div>\n<\/div>\n<\/div>\n<\/div>\n<\/div>\n<\/div>\n<\/div>\n<\/div>\n<\/div>\n<\/div>\n<\/div>\n<\/div>\n<\/div>\n<\/div>\n<\/div>\n<\/div>\n<\/div>\n<\/div>\n<\/div>\n<\/div>\n<\/div>\n<\/div>\n<\/div>\n<\/div>\n<\/div>\n<\/div>\n<\/div>\n<\/div>\n<\/div>\n<\/div>\n<\/div>\n<\/div>\n<\/div>\n<\/div>\n<\/div>\n<\/div>\n<\/div>\n<\/div>\n<\/div>\n<\/div>\n<\/div>\n<\/div>\n<\/div>\n<\/div>\n<\/div>\n<\/div>\n<\/div>\n<\/div>\n","protected":false},"excerpt":{"rendered":"<p>Bonsoir \u00e0 tous, Suite \u00e0 plusieurs questions concernant la r\u00e9mun\u00e9ration des collaborateurs travaillant en soir\u00e9e, je vous informe que des n\u00e9gociations sont toujours en cours avec les Organisations Syndicales. Je &#8230; <a title=\"La v\u00e9rit\u00e9 sur les n\u00e9gociations du travail de nuit\" class=\"read-more\" href=\"https:\/\/cftc-dartyidf.fr\/index.php\/2017\/11\/19\/verites-negociations-travail-de-nuit\/\" aria-label=\"En savoir plus sur La v\u00e9rit\u00e9 sur les n\u00e9gociations du travail de nuit\">Lire plus<\/a><\/p>\n","protected":false},"author":1,"featured_media":1256,"comment_status":"closed","ping_status":"closed","sticky":false,"template":"","format":"standard","meta":{"generate_page_header":"","_price":"","_stock":"","_tribe_ticket_header":"","_tribe_default_ticket_provider":"","_tribe_ticket_capacity":"0","_ticket_start_date":"","_ticket_end_date":"","_tribe_ticket_show_description":"","_tribe_ticket_show_not_going":false,"_tribe_ticket_use_global_stock":"","_tribe_ticket_global_stock_level":"","_global_stock_mode":"","_global_stock_cap":"","_tribe_rsvp_for_event":"","_tribe_ticket_going_count":"","_tribe_ticket_not_going_count":"","_tribe_tickets_list":"[]","_tribe_ticket_has_attendee_info_fields":false,"jetpack_post_was_ever_published":false,"_jetpack_newsletter_access":"","_jetpack_dont_email_post_to_subs":false,"_jetpack_newsletter_tier_id":0,"_jetpack_memberships_contains_paywalled_content":false,"_jetpack_memberships_contains_paid_content":false,"footnotes":"","jetpack_publicize_message":"","jetpack_publicize_feature_enabled":true,"jetpack_social_post_already_shared":true,"jetpack_social_options":{"image_generator_settings":{"template":"highway","default_image_id":0,"font":"","enabled":false},"version":2}},"categories":[1],"tags":[],"class_list":["post-1255","post","type-post","status-publish","format-standard","has-post-thumbnail","hentry","category-accueil","generate-columns","tablet-grid-50","mobile-grid-100","grid-parent","grid-50","resize-featured-image"],"yoast_head":"<!-- This site is optimized with the Yoast SEO plugin v27.5 - https:\/\/yoast.com\/product\/yoast-seo-wordpress\/ -->\n<title>La v\u00e9rit\u00e9 sur les n\u00e9gociations du travail de nuit - CFTC-Darty IDF<\/title>\n<meta name=\"robots\" content=\"index, follow, max-snippet:-1, max-image-preview:large, max-video-preview:-1\" \/>\n<link rel=\"canonical\" href=\"https:\/\/cftc-dartyidf.fr\/index.php\/2017\/11\/19\/verites-negociations-travail-de-nuit\/\" \/>\n<meta property=\"og:locale\" content=\"fr_FR\" \/>\n<meta property=\"og:type\" content=\"article\" \/>\n<meta property=\"og:title\" content=\"La v\u00e9rit\u00e9 sur les n\u00e9gociations du travail de nuit - CFTC-Darty IDF\" \/>\n<meta property=\"og:description\" content=\"Bonsoir \u00e0 tous, Suite \u00e0 plusieurs questions concernant la r\u00e9mun\u00e9ration des collaborateurs travaillant en soir\u00e9e, je vous informe que des n\u00e9gociations sont toujours en cours avec les Organisations Syndicales. Je ... Lire plus\" \/>\n<meta property=\"og:url\" content=\"https:\/\/cftc-dartyidf.fr\/index.php\/2017\/11\/19\/verites-negociations-travail-de-nuit\/\" \/>\n<meta property=\"og:site_name\" content=\"CFTC-Darty IDF\" \/>\n<meta property=\"article:published_time\" content=\"2017-11-19T10:00:22+00:00\" \/>\n<meta property=\"article:modified_time\" content=\"2017-11-19T10:05:53+00:00\" \/>\n<meta property=\"og:image\" content=\"https:\/\/cftc-dartyidf.fr\/wp-content\/uploads\/2017\/11\/verite.jpg\" \/>\n\t<meta property=\"og:image:width\" content=\"1200\" \/>\n\t<meta property=\"og:image:height\" content=\"630\" \/>\n\t<meta property=\"og:image:type\" content=\"image\/jpeg\" \/>\n<meta name=\"author\" content=\"webcsfv\" \/>\n<meta name=\"twitter:card\" content=\"summary_large_image\" \/>\n<meta name=\"twitter:label1\" content=\"\u00c9crit par\" \/>\n\t<meta name=\"twitter:data1\" content=\"webcsfv\" \/>\n<script type=\"application\/ld+json\" class=\"yoast-schema-graph\">{\"@context\":\"https:\\\/\\\/schema.org\",\"@graph\":[{\"@type\":\"Article\",\"@id\":\"https:\\\/\\\/cftc-dartyidf.fr\\\/index.php\\\/2017\\\/11\\\/19\\\/verites-negociations-travail-de-nuit\\\/#article\",\"isPartOf\":{\"@id\":\"https:\\\/\\\/cftc-dartyidf.fr\\\/index.php\\\/2017\\\/11\\\/19\\\/verites-negociations-travail-de-nuit\\\/\"},\"author\":{\"name\":\"webcsfv\",\"@id\":\"https:\\\/\\\/cftc-dartyidf.fr\\\/#\\\/schema\\\/person\\\/71ee82537a022b7e374bcb7943ef2cd2\"},\"headline\":\"La v\u00e9rit\u00e9 sur les n\u00e9gociations du travail de nuit\",\"datePublished\":\"2017-11-19T10:00:22+00:00\",\"dateModified\":\"2017-11-19T10:05:53+00:00\",\"mainEntityOfPage\":{\"@id\":\"https:\\\/\\\/cftc-dartyidf.fr\\\/index.php\\\/2017\\\/11\\\/19\\\/verites-negociations-travail-de-nuit\\\/\"},\"wordCount\":84,\"image\":{\"@id\":\"https:\\\/\\\/cftc-dartyidf.fr\\\/index.php\\\/2017\\\/11\\\/19\\\/verites-negociations-travail-de-nuit\\\/#primaryimage\"},\"thumbnailUrl\":\"https:\\\/\\\/cftc-dartyidf.fr\\\/wp-content\\\/uploads\\\/2017\\\/11\\\/verite.jpg\",\"articleSection\":[\"Accueil\"],\"inLanguage\":\"fr-FR\"},{\"@type\":\"WebPage\",\"@id\":\"https:\\\/\\\/cftc-dartyidf.fr\\\/index.php\\\/2017\\\/11\\\/19\\\/verites-negociations-travail-de-nuit\\\/\",\"url\":\"https:\\\/\\\/cftc-dartyidf.fr\\\/index.php\\\/2017\\\/11\\\/19\\\/verites-negociations-travail-de-nuit\\\/\",\"name\":\"La v\u00e9rit\u00e9 sur les n\u00e9gociations du travail de nuit - CFTC-Darty IDF\",\"isPartOf\":{\"@id\":\"https:\\\/\\\/cftc-dartyidf.fr\\\/#website\"},\"primaryImageOfPage\":{\"@id\":\"https:\\\/\\\/cftc-dartyidf.fr\\\/index.php\\\/2017\\\/11\\\/19\\\/verites-negociations-travail-de-nuit\\\/#primaryimage\"},\"image\":{\"@id\":\"https:\\\/\\\/cftc-dartyidf.fr\\\/index.php\\\/2017\\\/11\\\/19\\\/verites-negociations-travail-de-nuit\\\/#primaryimage\"},\"thumbnailUrl\":\"https:\\\/\\\/cftc-dartyidf.fr\\\/wp-content\\\/uploads\\\/2017\\\/11\\\/verite.jpg\",\"datePublished\":\"2017-11-19T10:00:22+00:00\",\"dateModified\":\"2017-11-19T10:05:53+00:00\",\"author\":{\"@id\":\"https:\\\/\\\/cftc-dartyidf.fr\\\/#\\\/schema\\\/person\\\/71ee82537a022b7e374bcb7943ef2cd2\"},\"breadcrumb\":{\"@id\":\"https:\\\/\\\/cftc-dartyidf.fr\\\/index.php\\\/2017\\\/11\\\/19\\\/verites-negociations-travail-de-nuit\\\/#breadcrumb\"},\"inLanguage\":\"fr-FR\",\"potentialAction\":[{\"@type\":\"ReadAction\",\"target\":[\"https:\\\/\\\/cftc-dartyidf.fr\\\/index.php\\\/2017\\\/11\\\/19\\\/verites-negociations-travail-de-nuit\\\/\"]}]},{\"@type\":\"ImageObject\",\"inLanguage\":\"fr-FR\",\"@id\":\"https:\\\/\\\/cftc-dartyidf.fr\\\/index.php\\\/2017\\\/11\\\/19\\\/verites-negociations-travail-de-nuit\\\/#primaryimage\",\"url\":\"https:\\\/\\\/cftc-dartyidf.fr\\\/wp-content\\\/uploads\\\/2017\\\/11\\\/verite.jpg\",\"contentUrl\":\"https:\\\/\\\/cftc-dartyidf.fr\\\/wp-content\\\/uploads\\\/2017\\\/11\\\/verite.jpg\",\"width\":1200,\"height\":630},{\"@type\":\"BreadcrumbList\",\"@id\":\"https:\\\/\\\/cftc-dartyidf.fr\\\/index.php\\\/2017\\\/11\\\/19\\\/verites-negociations-travail-de-nuit\\\/#breadcrumb\",\"itemListElement\":[{\"@type\":\"ListItem\",\"position\":1,\"name\":\"Accueil\",\"item\":\"https:\\\/\\\/cftc-dartyidf.fr\\\/\"},{\"@type\":\"ListItem\",\"position\":2,\"name\":\"La v\u00e9rit\u00e9 sur les n\u00e9gociations du travail de nuit\"}]},{\"@type\":\"WebSite\",\"@id\":\"https:\\\/\\\/cftc-dartyidf.fr\\\/#website\",\"url\":\"https:\\\/\\\/cftc-dartyidf.fr\\\/\",\"name\":\"CFTC-Darty IDF\",\"description\":\"Le site de la section syndicale CFTC chez Darty IDF\",\"potentialAction\":[{\"@type\":\"SearchAction\",\"target\":{\"@type\":\"EntryPoint\",\"urlTemplate\":\"https:\\\/\\\/cftc-dartyidf.fr\\\/?s={search_term_string}\"},\"query-input\":{\"@type\":\"PropertyValueSpecification\",\"valueRequired\":true,\"valueName\":\"search_term_string\"}}],\"inLanguage\":\"fr-FR\"},{\"@type\":\"Person\",\"@id\":\"https:\\\/\\\/cftc-dartyidf.fr\\\/#\\\/schema\\\/person\\\/71ee82537a022b7e374bcb7943ef2cd2\",\"name\":\"webcsfv\",\"image\":{\"@type\":\"ImageObject\",\"inLanguage\":\"fr-FR\",\"@id\":\"https:\\\/\\\/secure.gravatar.com\\\/avatar\\\/3d8bf08c8feaca537ce41c2b95cec6c85a8036a1687877b5eb7cb09dcb9b6f06?s=96&d=mm&r=g\",\"url\":\"https:\\\/\\\/secure.gravatar.com\\\/avatar\\\/3d8bf08c8feaca537ce41c2b95cec6c85a8036a1687877b5eb7cb09dcb9b6f06?s=96&d=mm&r=g\",\"contentUrl\":\"https:\\\/\\\/secure.gravatar.com\\\/avatar\\\/3d8bf08c8feaca537ce41c2b95cec6c85a8036a1687877b5eb7cb09dcb9b6f06?s=96&d=mm&r=g\",\"caption\":\"webcsfv\"},\"url\":\"https:\\\/\\\/cftc-dartyidf.fr\\\/index.php\\\/author\\\/webcsfv\\\/\"}]}<\/script>\n<!-- \/ Yoast SEO plugin. -->","yoast_head_json":{"title":"La v\u00e9rit\u00e9 sur les n\u00e9gociations du travail de nuit - CFTC-Darty IDF","robots":{"index":"index","follow":"follow","max-snippet":"max-snippet:-1","max-image-preview":"max-image-preview:large","max-video-preview":"max-video-preview:-1"},"canonical":"https:\/\/cftc-dartyidf.fr\/index.php\/2017\/11\/19\/verites-negociations-travail-de-nuit\/","og_locale":"fr_FR","og_type":"article","og_title":"La v\u00e9rit\u00e9 sur les n\u00e9gociations du travail de nuit - CFTC-Darty IDF","og_description":"Bonsoir \u00e0 tous, Suite \u00e0 plusieurs questions concernant la r\u00e9mun\u00e9ration des collaborateurs travaillant en soir\u00e9e, je vous informe que des n\u00e9gociations sont toujours en cours avec les Organisations Syndicales. Je ... Lire plus","og_url":"https:\/\/cftc-dartyidf.fr\/index.php\/2017\/11\/19\/verites-negociations-travail-de-nuit\/","og_site_name":"CFTC-Darty IDF","article_published_time":"2017-11-19T10:00:22+00:00","article_modified_time":"2017-11-19T10:05:53+00:00","og_image":[{"width":1200,"height":630,"url":"https:\/\/cftc-dartyidf.fr\/wp-content\/uploads\/2017\/11\/verite.jpg","type":"image\/jpeg"}],"author":"webcsfv","twitter_card":"summary_large_image","twitter_misc":{"\u00c9crit par":"webcsfv"},"schema":{"@context":"https:\/\/schema.org","@graph":[{"@type":"Article","@id":"https:\/\/cftc-dartyidf.fr\/index.php\/2017\/11\/19\/verites-negociations-travail-de-nuit\/#article","isPartOf":{"@id":"https:\/\/cftc-dartyidf.fr\/index.php\/2017\/11\/19\/verites-negociations-travail-de-nuit\/"},"author":{"name":"webcsfv","@id":"https:\/\/cftc-dartyidf.fr\/#\/schema\/person\/71ee82537a022b7e374bcb7943ef2cd2"},"headline":"La v\u00e9rit\u00e9 sur les n\u00e9gociations du travail de nuit","datePublished":"2017-11-19T10:00:22+00:00","dateModified":"2017-11-19T10:05:53+00:00","mainEntityOfPage":{"@id":"https:\/\/cftc-dartyidf.fr\/index.php\/2017\/11\/19\/verites-negociations-travail-de-nuit\/"},"wordCount":84,"image":{"@id":"https:\/\/cftc-dartyidf.fr\/index.php\/2017\/11\/19\/verites-negociations-travail-de-nuit\/#primaryimage"},"thumbnailUrl":"https:\/\/cftc-dartyidf.fr\/wp-content\/uploads\/2017\/11\/verite.jpg","articleSection":["Accueil"],"inLanguage":"fr-FR"},{"@type":"WebPage","@id":"https:\/\/cftc-dartyidf.fr\/index.php\/2017\/11\/19\/verites-negociations-travail-de-nuit\/","url":"https:\/\/cftc-dartyidf.fr\/index.php\/2017\/11\/19\/verites-negociations-travail-de-nuit\/","name":"La v\u00e9rit\u00e9 sur les n\u00e9gociations du travail de nuit - CFTC-Darty IDF","isPartOf":{"@id":"https:\/\/cftc-dartyidf.fr\/#website"},"primaryImageOfPage":{"@id":"https:\/\/cftc-dartyidf.fr\/index.php\/2017\/11\/19\/verites-negociations-travail-de-nuit\/#primaryimage"},"image":{"@id":"https:\/\/cftc-dartyidf.fr\/index.php\/2017\/11\/19\/verites-negociations-travail-de-nuit\/#primaryimage"},"thumbnailUrl":"https:\/\/cftc-dartyidf.fr\/wp-content\/uploads\/2017\/11\/verite.jpg","datePublished":"2017-11-19T10:00:22+00:00","dateModified":"2017-11-19T10:05:53+00:00","author":{"@id":"https:\/\/cftc-dartyidf.fr\/#\/schema\/person\/71ee82537a022b7e374bcb7943ef2cd2"},"breadcrumb":{"@id":"https:\/\/cftc-dartyidf.fr\/index.php\/2017\/11\/19\/verites-negociations-travail-de-nuit\/#breadcrumb"},"inLanguage":"fr-FR","potentialAction":[{"@type":"ReadAction","target":["https:\/\/cftc-dartyidf.fr\/index.php\/2017\/11\/19\/verites-negociations-travail-de-nuit\/"]}]},{"@type":"ImageObject","inLanguage":"fr-FR","@id":"https:\/\/cftc-dartyidf.fr\/index.php\/2017\/11\/19\/verites-negociations-travail-de-nuit\/#primaryimage","url":"https:\/\/cftc-dartyidf.fr\/wp-content\/uploads\/2017\/11\/verite.jpg","contentUrl":"https:\/\/cftc-dartyidf.fr\/wp-content\/uploads\/2017\/11\/verite.jpg","width":1200,"height":630},{"@type":"BreadcrumbList","@id":"https:\/\/cftc-dartyidf.fr\/index.php\/2017\/11\/19\/verites-negociations-travail-de-nuit\/#breadcrumb","itemListElement":[{"@type":"ListItem","position":1,"name":"Accueil","item":"https:\/\/cftc-dartyidf.fr\/"},{"@type":"ListItem","position":2,"name":"La v\u00e9rit\u00e9 sur les n\u00e9gociations du travail de nuit"}]},{"@type":"WebSite","@id":"https:\/\/cftc-dartyidf.fr\/#website","url":"https:\/\/cftc-dartyidf.fr\/","name":"CFTC-Darty IDF","description":"Le site de la section syndicale CFTC chez Darty IDF","potentialAction":[{"@type":"SearchAction","target":{"@type":"EntryPoint","urlTemplate":"https:\/\/cftc-dartyidf.fr\/?s={search_term_string}"},"query-input":{"@type":"PropertyValueSpecification","valueRequired":true,"valueName":"search_term_string"}}],"inLanguage":"fr-FR"},{"@type":"Person","@id":"https:\/\/cftc-dartyidf.fr\/#\/schema\/person\/71ee82537a022b7e374bcb7943ef2cd2","name":"webcsfv","image":{"@type":"ImageObject","inLanguage":"fr-FR","@id":"https:\/\/secure.gravatar.com\/avatar\/3d8bf08c8feaca537ce41c2b95cec6c85a8036a1687877b5eb7cb09dcb9b6f06?s=96&d=mm&r=g","url":"https:\/\/secure.gravatar.com\/avatar\/3d8bf08c8feaca537ce41c2b95cec6c85a8036a1687877b5eb7cb09dcb9b6f06?s=96&d=mm&r=g","contentUrl":"https:\/\/secure.gravatar.com\/avatar\/3d8bf08c8feaca537ce41c2b95cec6c85a8036a1687877b5eb7cb09dcb9b6f06?s=96&d=mm&r=g","caption":"webcsfv"},"url":"https:\/\/cftc-dartyidf.fr\/index.php\/author\/webcsfv\/"}]}},"jetpack_publicize_connections":[],"jetpack_featured_media_url":"https:\/\/cftc-dartyidf.fr\/wp-content\/uploads\/2017\/11\/verite.jpg","jetpack_sharing_enabled":true,"jetpack_shortlink":"https:\/\/wp.me\/p8n98f-kf","jetpack-related-posts":[{"id":1528,"url":"https:\/\/cftc-dartyidf.fr\/index.php\/2018\/04\/04\/avancees-sociales-grace-a-cftc\/","url_meta":{"origin":1255,"position":0},"title":"Avanc\u00e9es sociales gr\u00e2ce \u00e0 la CFTC","author":"webcsfv","date":"04\/04\/2018","format":false,"excerpt":"Les avanc\u00e9es sociales importantes obtenues gr\u00e2ce \u00e0 la CFTC Depuis plus de 95 ans, la CFTC d\u00e9fend les int\u00e9r\u00eats de tous les salari\u00e9s, et particuli\u00e8rement de ses adh\u00e9rents, 135 000 fin 2015. Elle les assiste juridiquement et psychologiquement dans leur quotidien (conditions de travail, n\u00e9gociations salariales\u2026), \u00e0 travers ses syndicats\u2026","rel":"","context":"Dans &quot;Accueil&quot;","block_context":{"text":"Accueil","link":"https:\/\/cftc-dartyidf.fr\/index.php\/category\/accueil\/"},"img":{"alt_text":"","src":"https:\/\/i0.wp.com\/cftc-dartyidf.fr\/wp-content\/uploads\/2018\/04\/cftc-av.jpg?resize=350%2C200&ssl=1","width":350,"height":200,"srcset":"https:\/\/i0.wp.com\/cftc-dartyidf.fr\/wp-content\/uploads\/2018\/04\/cftc-av.jpg?resize=350%2C200&ssl=1 1x, https:\/\/i0.wp.com\/cftc-dartyidf.fr\/wp-content\/uploads\/2018\/04\/cftc-av.jpg?resize=525%2C300&ssl=1 1.5x, https:\/\/i0.wp.com\/cftc-dartyidf.fr\/wp-content\/uploads\/2018\/04\/cftc-av.jpg?resize=700%2C400&ssl=1 2x"},"classes":[]},{"id":1295,"url":"https:\/\/cftc-dartyidf.fr\/index.php\/2017\/12\/12\/lemployeur-imposer-salarie-de-travailler-nuit\/","url_meta":{"origin":1255,"position":1},"title":"L\u2019employeur peut-il imposer au salari\u00e9 de travailler la nuit ?","author":"webcsfv","date":"12\/12\/2017","format":false,"excerpt":"Le fait de travailler de nuit ou de jour est un \u00e9l\u00e9ment d\u00e9terminant dans la relation de travail. L\u2019employeur ne peut donc pas imposer unilat\u00e9ralement le travail de nuit au salari\u00e9, m\u00eame partiellement (Cass. soc. 07\/04\/2004, n\u00b002-41486 ; Cass. soc. 25\/06\/2014, n\u00b0 13-16392 ; Cass.soc.15\/06\/2016, n\u00b0 14-27120). Inversement, il ne\u2026","rel":"","context":"Dans &quot;Accueil&quot;","block_context":{"text":"Accueil","link":"https:\/\/cftc-dartyidf.fr\/index.php\/category\/accueil\/"},"img":{"alt_text":"","src":"https:\/\/i0.wp.com\/cftc-dartyidf.fr\/wp-content\/uploads\/2017\/12\/nuit.jpg?resize=350%2C200&ssl=1","width":350,"height":200,"srcset":"https:\/\/i0.wp.com\/cftc-dartyidf.fr\/wp-content\/uploads\/2017\/12\/nuit.jpg?resize=350%2C200&ssl=1 1x, https:\/\/i0.wp.com\/cftc-dartyidf.fr\/wp-content\/uploads\/2017\/12\/nuit.jpg?resize=525%2C300&ssl=1 1.5x, https:\/\/i0.wp.com\/cftc-dartyidf.fr\/wp-content\/uploads\/2017\/12\/nuit.jpg?resize=700%2C400&ssl=1 2x"},"classes":[]},{"id":1474,"url":"https:\/\/cftc-dartyidf.fr\/index.php\/2018\/02\/27\/temperature-extreme-lieu-de-travail\/","url_meta":{"origin":1255,"position":2},"title":"Temp\u00e9rature extr\u00eame sur son lieu de travail","author":"webcsfv","date":"27\/02\/2018","format":false,"excerpt":"Que faire en cas de temp\u00e9rature trop basse ou trop \u00e9lev\u00e9e sur mon lieu de travail ? Le code du travail pr\u00e9cise \u00e0 l\u2019article R.422 3-13 que les locaux ferm\u00e9s affect\u00e9s au travail sont chauff\u00e9s pendant la saison froide et que le chauffage doit maintenir une temp\u00e9rature convenable. Le code\u2026","rel":"","context":"Dans &quot;Accueil&quot;","block_context":{"text":"Accueil","link":"https:\/\/cftc-dartyidf.fr\/index.php\/category\/accueil\/"},"img":{"alt_text":"","src":"https:\/\/i0.wp.com\/cftc-dartyidf.fr\/wp-content\/uploads\/2018\/02\/temptrav.jpg?resize=350%2C200&ssl=1","width":350,"height":200,"srcset":"https:\/\/i0.wp.com\/cftc-dartyidf.fr\/wp-content\/uploads\/2018\/02\/temptrav.jpg?resize=350%2C200&ssl=1 1x, https:\/\/i0.wp.com\/cftc-dartyidf.fr\/wp-content\/uploads\/2018\/02\/temptrav.jpg?resize=525%2C300&ssl=1 1.5x"},"classes":[]},{"id":1389,"url":"https:\/\/cftc-dartyidf.fr\/index.php\/2018\/01\/27\/efficience-2\/","url_meta":{"origin":1255,"position":3},"title":"Efficience","author":"webcsfv","date":"27\/01\/2018","format":false,"excerpt":"Qui sommes-nous ? Un service de sant\u00e9 au travail professionnel et r\u00e9actif Tous les collaborateurs d'Efficience Sant\u00e9 au Travail sont mobilis\u00e9s pour r\u00e9pondre rapidement \u00e0 toutes vos demandes. Plus de 11 000 entreprises, de toutes tailles et de tous secteurs d'activit\u00e9, nous confient la sant\u00e9 au travail de 103 000\u2026","rel":"","context":"Dans &quot;Accueil&quot;","block_context":{"text":"Accueil","link":"https:\/\/cftc-dartyidf.fr\/index.php\/category\/accueil\/"},"img":{"alt_text":"","src":"","width":0,"height":0},"classes":[]},{"id":1373,"url":"https:\/\/cftc-dartyidf.fr\/index.php\/2018\/01\/22\/ordonnances-expliquees-mise-a-jour-2018\/","url_meta":{"origin":1255,"position":4},"title":"Les ordonnances expliqu\u00e9es &#8211; Mise \u00e0 jour 2018","author":"webcsfv","date":"22\/01\/2018","format":false,"excerpt":"F\u00e9d\u00e9ration CSFV - Le 12 Janvier 2018 La semaine derni\u00e8re a eu lieu, \u00e0 la F\u00e9d\u00e9ration, deux s\u00e9minaires exceptionnels sur les ordonnances du code du travail. \u00c0 cette occasion, le service juridique a fait le point sur le CSE (Comit\u00e9 Social et \u00c9conomique), les nouveaut\u00e9s de la n\u00e9gociation collective et\u2026","rel":"","context":"Dans &quot;Accueil&quot;","block_context":{"text":"Accueil","link":"https:\/\/cftc-dartyidf.fr\/index.php\/category\/accueil\/"},"img":{"alt_text":"","src":"https:\/\/i0.wp.com\/cftc-dartyidf.fr\/wp-content\/uploads\/2016\/11\/logo-CFTC-CSFV-linkedin.jpg?resize=350%2C200&ssl=1","width":350,"height":200},"classes":[]},{"id":1703,"url":"https:\/\/cftc-dartyidf.fr\/index.php\/2018\/09\/14\/temps-de-travail\/","url_meta":{"origin":1255,"position":5},"title":"Temps de travail","author":"webcsfv","date":"14\/09\/2018","format":false,"excerpt":"D\u00e9finition du temps de travail (article L. 212-4 du Code du Travail) Le temps de travail effectif est le temps pendant lequel le collaborateur est \u00e0 la disposition de l'entreprise sans pouvoir vaquer librement \u00e0 des occupations personnelles. Ce temps se d\u00e9compte, selon les cat\u00e9gories ou les m\u00e9tiers, en heures,\u2026","rel":"","context":"Dans &quot;Accueil&quot;","block_context":{"text":"Accueil","link":"https:\/\/cftc-dartyidf.fr\/index.php\/category\/accueil\/"},"img":{"alt_text":"","src":"https:\/\/i0.wp.com\/cftc-dartyidf.fr\/wp-content\/uploads\/2018\/09\/temps-travail.jpg?resize=350%2C200&ssl=1","width":350,"height":200,"srcset":"https:\/\/i0.wp.com\/cftc-dartyidf.fr\/wp-content\/uploads\/2018\/09\/temps-travail.jpg?resize=350%2C200&ssl=1 1x, https:\/\/i0.wp.com\/cftc-dartyidf.fr\/wp-content\/uploads\/2018\/09\/temps-travail.jpg?resize=525%2C300&ssl=1 1.5x, https:\/\/i0.wp.com\/cftc-dartyidf.fr\/wp-content\/uploads\/2018\/09\/temps-travail.jpg?resize=700%2C400&ssl=1 2x"},"classes":[]}],"_links":{"self":[{"href":"https:\/\/cftc-dartyidf.fr\/index.php\/wp-json\/wp\/v2\/posts\/1255","targetHints":{"allow":["GET"]}}],"collection":[{"href":"https:\/\/cftc-dartyidf.fr\/index.php\/wp-json\/wp\/v2\/posts"}],"about":[{"href":"https:\/\/cftc-dartyidf.fr\/index.php\/wp-json\/wp\/v2\/types\/post"}],"author":[{"embeddable":true,"href":"https:\/\/cftc-dartyidf.fr\/index.php\/wp-json\/wp\/v2\/users\/1"}],"replies":[{"embeddable":true,"href":"https:\/\/cftc-dartyidf.fr\/index.php\/wp-json\/wp\/v2\/comments?post=1255"}],"version-history":[{"count":3,"href":"https:\/\/cftc-dartyidf.fr\/index.php\/wp-json\/wp\/v2\/posts\/1255\/revisions"}],"predecessor-version":[{"id":1259,"href":"https:\/\/cftc-dartyidf.fr\/index.php\/wp-json\/wp\/v2\/posts\/1255\/revisions\/1259"}],"wp:featuredmedia":[{"embeddable":true,"href":"https:\/\/cftc-dartyidf.fr\/index.php\/wp-json\/wp\/v2\/media\/1256"}],"wp:attachment":[{"href":"https:\/\/cftc-dartyidf.fr\/index.php\/wp-json\/wp\/v2\/media?parent=1255"}],"wp:term":[{"taxonomy":"category","embeddable":true,"href":"https:\/\/cftc-dartyidf.fr\/index.php\/wp-json\/wp\/v2\/categories?post=1255"},{"taxonomy":"post_tag","embeddable":true,"href":"https:\/\/cftc-dartyidf.fr\/index.php\/wp-json\/wp\/v2\/tags?post=1255"}],"curies":[{"name":"wp","href":"https:\/\/api.w.org\/{rel}","templated":true}]}}